{"id":904,"date":"2011-05-16T18:46:51","date_gmt":"2011-05-16T17:46:51","guid":{"rendered":"http:\/\/elpobrecitohablador.es\/wordpress\/?p=904"},"modified":"2011-05-16T18:46:51","modified_gmt":"2011-05-16T17:46:51","slug":"tomamos-la-calle-timidamente-pero-calle-de-todos-al-fin","status":"publish","type":"post","link":"https:\/\/elpobrecitohablador.es\/wordpress\/2011\/05\/16\/tomamos-la-calle-timidamente-pero-calle-de-todos-al-fin\/","title":{"rendered":"Tomamos la calle, t\u00edmidamente pero calle de todos al fin."},"content":{"rendered":"<p style=\"text-align: justify;\"><img loading=\"lazy\" decoding=\"async\" class=\"alignleft size-medium wp-image-905\" style=\"margin: 15px;\" title=\"dostrianas\" src=\"https:\/\/elpobrecitohablador.es\/wordpress\/wp-content\/uploads\/2011\/05\/dostrianas-300x223.jpg\" alt=\"\" width=\"300\" height=\"223\" srcset=\"https:\/\/elpobrecitohablador.es\/wordpress\/wp-content\/uploads\/2011\/05\/dostrianas-300x223.jpg 300w, https:\/\/elpobrecitohablador.es\/wordpress\/wp-content\/uploads\/2011\/05\/dostrianas.jpg 425w\" sizes=\"auto, (max-width: 300px) 100vw, 300px\" \/>Seis mil, alguno mas temperamental que racional afirmaba que 25.000; eran las ganas de volver a la UPC de la \u00abtransipasteleo\u00bb, pero la t\u00f3nica general fue de que \u00e9ramos\u00a0 los suficientes como para que se nos tengan en cuenta; necesitamos m\u00e1s debates, asambleas, medios t\u00e9cnicos para desarrollar las mismas; nos quedamos con ganas de o\u00edr m\u00e1s raps, m\u00e1s protestas \u00abversiadas\u00bb y cantadas, con los consiguientes turnos de palabras al pueblo llano, que la verdad, o es colectiva,o se convierte en la peor de las mentiras.<\/p>\n<p style=\"text-align: justify;\"><!--more-->Ausencia casi total de dirigentes pol\u00edticos, con honrosas excepciones, Quino Sagazeta, algunos de ATTAC y\u00a0 cuadros medios de la sopa partidista que me da la impresi\u00f3n que estaban m\u00e1s sorprendidos y descolocados que conscientes de sus errores y aciertos. Es lamentable, que d\u00e1ndose las m\u00e1s claras y transparentes condiciones objetivas, como lo demuestra la toma de calles insipiente que vivimos ayer, los sujetos que debemos ponernos al servicio de la rebeli\u00f3n estemos racaneando y reculando frente a la obnubilaci\u00f3n del vacuo personalismo y el zafio poder, que perd\u00f3nenme la simplificaci\u00f3n es puro sexo reprimido, preg\u00fantenselo si no al flamante director del FMI,\u00a0 la represi\u00f3n de esa pulsi\u00f3n tan b\u00e1sica genera aut\u00e9nticos monstruos robotizados, que incumplen hasta las propias leyes de la rob\u00f3tica, destruir al ser humano y lo que \u00abjaga farta\u00bb con tal de disfrutar reprimidamente de lo que no solo no consigue el dinero, sino que lo destruye.<\/p>\n<p style=\"text-align: justify;\">Se repitieron algunos viejos tics, como rechazar nuestro derecho a repartir octavillas del voto nulo, pero r\u00e1pidamente superados por los concurrentes. Frente al rechazo a leerlo de viejos camaradas de ANC y otros que afirmaban ir a votar sin descubrir su misterioso voto, repartimos nuestra octavillas con nuestra posici\u00f3n respecto a canarias que fueron solicitadas por varios manifestantes y otros\/as nos mostraban orgullosamente un facs\u00edmil de nuestra propuesta de voto nulo,<\/p>\n<p style=\"text-align: justify;\">Los videos <a href=\"http:\/\/www.youtube.com\/watch?v=VlelJa79Juo&amp;t=0m22s\" target=\"_blank\">convocando<\/a> de Toma la Calle nos parecen premonitorios de lo que sucedi\u00f3, m\u00e1s de los esperados pero menos de los necesarios. Tenemos que seguir acumulando fuerzas, no es casual que canarias y el estado espa\u00f1ol figuren en la cola de las\u00a0 movilizaciones europeas e incluso del mundo \u00e1rabe, a\u00fan existen quienes se recrean en la espa\u00f1ol\u00edsima transici\u00f3n cuando hasta los tunecinos \u00abatrasad\u00edsimos\u00bb hasta ayer, de un plumazo se la cargaron, impidiendo a los Fraga tunecinos seguir en el machito. e instaurando las listas cremallera desde el primer momento y no despu\u00e9s de 35 a\u00f1itos de chupar teta\u00a0 como muy bien se\u00f1alan los luchadores\/as de ANC, pero sin comprender que ellos mismos caen en contradicci\u00f3n al participar de una ley a la media de los de siempre y divididos en mil siglas a cual m\u00e1s purista, sin posibilidades de llegar m\u00e1s all\u00e1 del ocurrente cartel y unas bases mas corajudas que sesudas. Llego la hora de pensar como actuar pues lo que tenemos es un h\u00edper activismo sin rumbo que termina enfilando el mismo destino que el actual disparate global.<\/p>\n<p style=\"text-align: justify;\">Creo que la democracia real \u00abya\u00bb, nos exige mas ciencia social que la practicada hasta ahora, al contrario de reclamarse apol\u00edticos, cosa que no existe, o por arriba de los partidos que unos son m\u00e1s enteros que otros, debemos llamar a la UNIDAD DEL PUEBLO, diverso, fraccionado en partiditos, en clases, en emigrantes con trabajos denigrantes, en parados, en trabajadores con contratos precarios o contratos basura, en funcionarios cada vez m\u00e1s depauperados, etc. etc. Somos todos\/as los que tenemos que tomar la calle y ayer de momento solo \u00e9ramos unos cuantitos alucinados por lo que est\u00e1bamos reviviendo los ya mayorcitos y reinventando lo m\u00e1s jovencitos.<\/p>\n<p style=\"text-align: justify;\">De la unidad de estos colectivos diversos con el resto de organizaciones de izquierda, ecologistas, nacionalistas, revolucionarias, etc. que quieran sumar y no restar, depende que de verdad queramos la democracia real \u00a1Ya!, con la diversidad, la variabilidad y la asamblea como decisoria, solo sobran los explotadores y lacayos recalcitrantes del capital, del indignado resto depende que acabemos con nuestra especie o la hagamos digna.<\/p>\n<p style=\"text-align: justify;\">A por la siguiente manifa, a por la HUELGA GENERAL POL\u00cdTICA \u00a1YA!!<\/p>\n<p style=\"text-align: justify;\">\u00a0<\/p>\n<p style=\"text-align: justify;\">(1) Nos toca elegir popes o masas, ver video del <a href=\"http:\/\/www.kaosenlared.net\/noticia\/videos-dia-republica-carmelo-suarez-secretario-general-pcpe\" target=\"_blank\">pCpC<\/a> y video de <a href=\"http:\/\/youtu.be\/3hv0_fqPflg\" target=\"_blank\">Tomemos la Calle<\/a> ayer.<\/p>\n<p style=\"text-align: justify;\">\u00a0<\/p>\n<p style=\"text-align: justify;\">\u00a0<\/p>\n<p style=\"text-align: justify;\">\u00a0<\/p>\n","protected":false},"excerpt":{"rendered":"<p>Seis mil, alguno mas temperamental que racional afirmaba que 25.000; eran las ganas de volver a la UPC de la \u00abtransipasteleo\u00bb, pero la t\u00f3nica general fue de que \u00e9ramos\u00a0 los suficientes como para que se nos tengan en cuenta; necesitamos m\u00e1s debates, asambleas, medios t\u00e9cnicos para desarrollar las mismas; nos quedamos con ganas de o\u00edr [&hellip;]<\/p>\n","protected":false},"author":290,"featured_media":0,"comment_status":"closed","ping_status":"closed","sticky":false,"template":"","format":"standard","meta":{"footnotes":""},"categories":[18,17,112,139,3,227,199,208,9,22,19,202],"tags":[494,228,488,497],"class_list":["post-904","post","type-post","status-publish","format-standard","hentry","category-actualidad","category-anticapitalismo","category-antimperialismo","category-antisionismo","category-canarias","category-elecciones","category-lucha-de-clases","category-lucha-obrera","category-marxismo","category-pensamiento-libre","category-prensa-alternativa","category-unidad-comunista","tag-anticapitalismo","tag-elecciones-2","tag-marxismo","tag-pensamiento-libre"],"_links":{"self":[{"href":"https:\/\/elpobrecitohablador.es\/wordpress\/wp-json\/wp\/v2\/posts\/904","targetHints":{"allow":["GET"]}}],"collection":[{"href":"https:\/\/elpobrecitohablador.es\/wordpress\/wp-json\/wp\/v2\/posts"}],"about":[{"href":"https:\/\/elpobrecitohablador.es\/wordpress\/wp-json\/wp\/v2\/types\/post"}],"author":[{"embeddable":true,"href":"https:\/\/elpobrecitohablador.es\/wordpress\/wp-json\/wp\/v2\/users\/290"}],"replies":[{"embeddable":true,"href":"https:\/\/elpobrecitohablador.es\/wordpress\/wp-json\/wp\/v2\/comments?post=904"}],"version-history":[{"count":1,"href":"https:\/\/elpobrecitohablador.es\/wordpress\/wp-json\/wp\/v2\/posts\/904\/revisions"}],"predecessor-version":[{"id":906,"href":"https:\/\/elpobrecitohablador.es\/wordpress\/wp-json\/wp\/v2\/posts\/904\/revisions\/906"}],"wp:attachment":[{"href":"https:\/\/elpobrecitohablador.es\/wordpress\/wp-json\/wp\/v2\/media?parent=904"}],"wp:term":[{"taxonomy":"category","embeddable":true,"href":"https:\/\/elpobrecitohablador.es\/wordpress\/wp-json\/wp\/v2\/categories?post=904"},{"taxonomy":"post_tag","embeddable":true,"href":"https:\/\/elpobrecitohablador.es\/wordpress\/wp-json\/wp\/v2\/tags?post=904"}],"curies":[{"name":"wp","href":"https:\/\/api.w.org\/{rel}","templated":true}]}}