{"id":89,"date":"2010-01-18T18:21:00","date_gmt":"2010-01-18T18:21:00","guid":{"rendered":"http:\/\/elpobrecitohablador.es\/wordpress\/?p=89"},"modified":"2010-04-25T23:22:25","modified_gmt":"2010-04-25T22:22:25","slug":"la-soledad-del-loc","status":"publish","type":"post","link":"https:\/\/elpobrecitohablador.es\/wordpress\/2010\/01\/18\/la-soledad-del-loc\/","title":{"rendered":"La soledad del loc@."},"content":{"rendered":"<div style=\"text-align: justify;\"><a href=\"http:\/\/elpobrecitohablador.es\/blog\/uploaded_images\/loco-710071.jpg\" onblur=\"try {parent.deselectBloggerImageGracefully();} catch(e) {}\" rel=\"lightbox[89]\"><\/a><a href=\"https:\/\/elpobrecitohablador.es\/wordpress\/wp-content\/uploads\/2010\/01\/loco.jpg\" rel=\"lightbox[89]\"><img loading=\"lazy\" decoding=\"async\" class=\"alignleft size-full wp-image-138\" style=\"margin: 10px;\" title=\"loco\" src=\"https:\/\/elpobrecitohablador.es\/wordpress\/wp-content\/uploads\/2010\/01\/loco.jpg\" alt=\"\" width=\"300\" height=\"372\" srcset=\"https:\/\/elpobrecitohablador.es\/wordpress\/wp-content\/uploads\/2010\/01\/loco.jpg 300w, https:\/\/elpobrecitohablador.es\/wordpress\/wp-content\/uploads\/2010\/01\/loco-241x300.jpg 241w, https:\/\/elpobrecitohablador.es\/wordpress\/wp-content\/uploads\/2010\/01\/loco-290x359.jpg 290w, https:\/\/elpobrecitohablador.es\/wordpress\/wp-content\/uploads\/2010\/01\/loco-120x150.jpg 120w\" sizes=\"auto, (max-width: 300px) 100vw, 300px\" \/><\/a><span style=\"font-size: 100%;\"><em>S\u00ed me dieran a elegir entre C\u00e1ncer \u00f3 enfermedad mental, elegir\u00eda c\u00e1ncer, el enfermo de c\u00e1ncer goza de la solidaridad de la sociedad, la familia, los amigos\u2026.sin embargo al enfermo mental se le a\u00edsla\u201cen su aislamiento\u201d, se le aparta \u00a1no es de fiar!, si tiene alg\u00fan anhelo es escudri\u00f1ado su deseo, no vaya a ser que el loco meta la pata; y desde la soledad grita, pero nadie lo oye, pues es un grito<span> <\/span>desgarrado desde el alma, nadie nos presta atenci\u00f3n. Nos han construido edificios para nuestras \u201ccrisis\u201d, para aislarnos, para que nuestra sociedad se sienta ha salvo, para que la familia se vea aliviada, \u00f3 se desentienda, <span> <\/span>para que tengan la conciencia tranquila, creyendo que han hecho lo mejor para nosotros, y en nombre de nuestro bien <span> <\/span>se nos arrebata la \u00a1libertad\u00a1; tenemos p\u00e1nico a nuestra propia familia a los m\u00e9dicos, forenses, abogados a los jueces, a todo aquel que pueda decidir por nosotros; que puedan dictaminar el encarcelamiento de por vida, he sido testigo de casos muy crueles, que tocan la fibra m\u00e1s profunda de mi ser, de personas j\u00f3venes condenadas de por vida.<!--more--><\/em><\/span><\/div>\n<p class=\"MsoNormal\" style=\"text-align: justify;\"><span style=\"font-size: 100%;\"><em>Y as\u00ed <span> <\/span>a las estancias del alma llega una<span> <\/span>lluvia amarga de noches en blanco de azul ocultada, de lagrimas de sangre de soledad impregnada; lo primero es sedarnos, amarrarnos, aislarnos, no se nos pregunta nada\u2026; y<span> <\/span>a la familia se le comunica que mejor no vernos en esos primeros d\u00edas, no vaya a ser que contemos que aislarnos nos perjudica, que esa terapia de choque la podemos hacer en casa, donde no se rompa nuestra valiosa rutina que nos salva, y as\u00ed <span> <\/span>el psiquiatra pasa de largo, solo vemos su sombra<span> <\/span>ante nuestra puerta, ante nuestra soledad, ante nuestra amargura, ante la desesperaci\u00f3n;<span> <\/span><span> <\/span>no existen terapias de grupo en la psiquiatr\u00eda de la seguridad social, no hay alternativas que<span> <\/span>ayuden a integrarnos. Sin embargo los psiquiatras que trabajan en la en ella y que adem\u00e1s y que tienen despachos privados donde echarnos la alfombra roja cuando entramos, donde s\u00ed que contamos, pues aseguramos unos pingues ingresos, que adem\u00e1s no declaran, v\u00e9ase el caso de nuestro jefe de squiatr\u00eda del hospital Negrin, engordamos sus carteras, esos s\u00ed que hacen terapias de grupo, nuestra opini\u00f3n cuenta por que la pagamos. En los centros de salud mental de la seguridad social nos llaman cada quince d\u00edas para llevarnos como reba\u00f1os a pastar, en los centros comerciales, la mayor\u00eda de nosotros solo cobra la ayuda no contributiva de cuatrocientos euros.,no tenemos dinero para cubrir nuestras necesidades b\u00e1sicas, <span> <\/span>porque no escuchan nuestras suplicas, por que no tenemos ayuda psicol\u00f3gica, por que no se nos toma en serio, por favor solo pedimos que por el <span> <\/span>amor de Dios que escuchen nuestras suplicas., solo pedimos un poco de amabilidad, de amor, de comprensi\u00f3n, de atenci\u00f3n, una ayuda que nos permita reinsertarnos,<span> <\/span>a salir de nuestro aislamiento. Si proponemos algo, se nos dice siempre que no hay presupuesto., es una verg\u00fcenza, la psiquiatr\u00eda en canarias est\u00e1 dejada de la mano de Dios., es la hermana peque\u00f1a de la medicina, somos enfermos marginales.<\/em><\/span><\/p>\n<p class=\"MsoNormal\" style=\"text-align: justify;\"><span style=\"font-size: 100%;\"><em>Y que decir de los psiqui\u00e1tricos privados, \u201csomos carne de ca\u00f1\u00f3n\u201d. El cl\u00ednico, (estuve ingresada mes y medio en este spquiatrico) L\u00f3pez-Ibor por ejemplo es <span> <\/span>m\u00e1s caro que un hotel de lujo, donde te cobran las visitas diarias del spquiatra al que no vez, d\u00f3nde no tienen personal para hacer terapias de grupo, donde no te facilitan ni un folio para poder escribir, <span> <\/span>no puedes repetir una fruta en el almuerzo, donde se mezclan en su jard\u00edn todas las clases de psicopat\u00edas , narc\u00f3ticos, alcoh\u00f3licos, trastornos graves de personalidad, bul\u00edmicas y anor\u00e9xica,, <span> <\/span>enfermos de alzeimer a los que mantienen amarrados en la quintan planta con los esquizofr\u00e9nicos a los que solo sacan al patio dos horas al d\u00eda, <span> <\/span>el resto permanecen aislados y encerrados en sus habitaciones. Somos los leprosos del siglo XXI.<\/em><\/span><\/p>\n<p class=\"MsoNormal\" style=\"text-align: justify;\"><span style=\"font-size: 100%;\"><em> <\/em><\/span><\/p>\n<p class=\"MsoNormal\" style=\"text-align: justify;\"><span style=\"font-size: 100%;\"><em>Las Palmas de Gran Canaria, 14 de enero de 2.010<\/em><\/span><\/p>\n<p class=\"MsoNormal\" style=\"text-align: justify;\"><span style=\"font-size: 100%;\"><em> <\/em><\/span><\/p>\n<p class=\"MsoNormal\" style=\"text-align: justify;\"><span style=\"font-size: 100%;\"><em>Alcira M\u00aa Sosa Mor\u00e1n<\/em><\/span><\/p>\n<p class=\"MsoNormal\" style=\"text-align: justify;\"><span style=\"font-size: 100%;\"><em> <\/em><\/span><\/p>\n<p class=\"MsoNormal\" style=\"text-align: justify;\"><em><span style=\"font-size: 16pt;\"><span style=\"font-size: 100%;\">P.D. Y punto, vaya mi callada verg\u00fcenza por no luchar con m\u00e1s ah\u00ednco cada d\u00eda.<\/span><\/span><\/em><\/p>\n<p>Revolucionando conciencias.<\/p>\n<div class=\"blogger-post-footer\">\u00abNo creo que seamos parientes muy cercanos. Pero si usted es capaz de temblar de indignaci\u00f3n cada vez que en el mundo se comete una injusticia, somos compa\u00f1eros, que es lo m\u00e1s importante\u00bb (Ch\u00e9 Guevara)<\/div>\n","protected":false},"excerpt":{"rendered":"<p>S\u00ed me dieran a elegir entre C\u00e1ncer \u00f3 enfermedad mental, elegir\u00eda c\u00e1ncer, el enfermo de c\u00e1ncer goza de la solidaridad de la sociedad, la familia, los amigos\u2026.sin embargo al enfermo mental se le a\u00edsla\u201cen su aislamiento\u201d, se le aparta \u00a1no es de fiar!, si tiene alg\u00fan anhelo es escudri\u00f1ado su deseo, no vaya a ser [&hellip;]<\/p>\n","protected":false},"author":290,"featured_media":0,"comment_status":"open","ping_status":"closed","sticky":false,"template":"","format":"standard","meta":{"footnotes":""},"categories":[15],"tags":[92,90,91,93,94,497,492],"class_list":["post-89","post","type-post","status-publish","format-standard","hentry","category-salud-mental","tag-antipsiquiatria","tag-cancer","tag-enfermo-mental","tag-enfermos-marginales","tag-lopez-ibor","tag-pensamiento-libre","tag-salud-mental"],"_links":{"self":[{"href":"https:\/\/elpobrecitohablador.es\/wordpress\/wp-json\/wp\/v2\/posts\/89","targetHints":{"allow":["GET"]}}],"collection":[{"href":"https:\/\/elpobrecitohablador.es\/wordpress\/wp-json\/wp\/v2\/posts"}],"about":[{"href":"https:\/\/elpobrecitohablador.es\/wordpress\/wp-json\/wp\/v2\/types\/post"}],"author":[{"embeddable":true,"href":"https:\/\/elpobrecitohablador.es\/wordpress\/wp-json\/wp\/v2\/users\/290"}],"replies":[{"embeddable":true,"href":"https:\/\/elpobrecitohablador.es\/wordpress\/wp-json\/wp\/v2\/comments?post=89"}],"version-history":[{"count":5,"href":"https:\/\/elpobrecitohablador.es\/wordpress\/wp-json\/wp\/v2\/posts\/89\/revisions"}],"predecessor-version":[{"id":118,"href":"https:\/\/elpobrecitohablador.es\/wordpress\/wp-json\/wp\/v2\/posts\/89\/revisions\/118"}],"wp:attachment":[{"href":"https:\/\/elpobrecitohablador.es\/wordpress\/wp-json\/wp\/v2\/media?parent=89"}],"wp:term":[{"taxonomy":"category","embeddable":true,"href":"https:\/\/elpobrecitohablador.es\/wordpress\/wp-json\/wp\/v2\/categories?post=89"},{"taxonomy":"post_tag","embeddable":true,"href":"https:\/\/elpobrecitohablador.es\/wordpress\/wp-json\/wp\/v2\/tags?post=89"}],"curies":[{"name":"wp","href":"https:\/\/api.w.org\/{rel}","templated":true}]}}