{"id":854,"date":"2011-04-15T12:54:21","date_gmt":"2011-04-15T11:54:21","guid":{"rendered":"http:\/\/elpobrecitohablador.es\/wordpress\/?p=854"},"modified":"2011-04-15T13:00:22","modified_gmt":"2011-04-15T12:00:22","slug":"854","status":"publish","type":"post","link":"https:\/\/elpobrecitohablador.es\/wordpress\/2011\/04\/15\/854\/","title":{"rendered":"Espa\u00f1a huele a mierda"},"content":{"rendered":"<p style=\"text-align: justify;\"><img loading=\"lazy\" decoding=\"async\" class=\"size-full wp-image-855 alignleft\" title=\"cagoenlabandera\" src=\"https:\/\/elpobrecitohablador.es\/wordpress\/wp-content\/uploads\/2011\/04\/cagoenlabandera.jpg\" alt=\"\" width=\"284\" height=\"284\" srcset=\"https:\/\/elpobrecitohablador.es\/wordpress\/wp-content\/uploads\/2011\/04\/cagoenlabandera.jpg 284w, https:\/\/elpobrecitohablador.es\/wordpress\/wp-content\/uploads\/2011\/04\/cagoenlabandera-150x150.jpg 150w, https:\/\/elpobrecitohablador.es\/wordpress\/wp-content\/uploads\/2011\/04\/cagoenlabandera-100x100.jpg 100w\" sizes=\"auto, (max-width: 284px) 100vw, 284px\" \/><strong>Pedro Antonio  Honrubia Hurtado<\/strong> | Para Kaos en la Red | 14-4-2011 a las 17:00<\/p>\n<p style=\"text-align: justify;\">La semana pasada me enter\u00e9 que frotarse el culo con una bandera rojigualda es  delito en este estado \u00abde derecho\u00bb o \u00abde derechas\u00bb nuestro. Y no lo comprendo.  No s\u00e9 qu\u00e9 pretenden evitar con ello. Se frote uno o no se frote la dichosa  bandera por el culo, lo haga antes o lo haga despu\u00e9s de cagar, Espa\u00f1a ya huele a  mierda de todas, todas. No hay remedio que pueda evitarlo.<\/p>\n<p style=\"text-align: justify;\">As\u00ed que no protegen nada. Si con dicha ley lo que se pretende es que la  ense\u00f1a borb\u00f3nica no roce con los excrementos propios de todo ser humano, llegan  tarde, hace mucho, pero mucho tiempo, que dicha bandera est\u00e1 llena de mierda  hasta el m\u00e1stil, y por donde pasa, deja su rastro oloroso.<!--more--><\/p>\n<p style=\"text-align: justify;\">No vamos a hablar de la historia de sagre, miseria, robo, explotaci\u00f3n y  genocidio que ha dejado por sombra tal bandera all\u00e1 por donde ha ido pasando. No  vamos a hablar de la expulsi\u00f3n prenazi de los jud\u00edos, no vamos a hablar del  genocio al pueblo andaluz o a los pueblos ind\u00edgenas de Am\u00e9rica, no vamos a  hablar del robo sistem\u00e1tico de los recursos a todas las colonias que han tenido  la desgracia de ser alguna vez parte del imperio nacional-cat\u00f3lico, no vamos a  hablar de la inquisici\u00f3n o del caudillo paseando bajo palio, porque no toca. No  vamos a hablar de nada de eso, pero podr\u00edamos hacerlo.<\/p>\n<p style=\"text-align: justify;\">Espa\u00f1a huele a mierda, s\u00ed, huele a mierda. No toda Espa\u00f1a, ni todo los  espa\u00f1oles, pero esa bandera, roja y amarilla, con todo lo que arrastra y  significa, huele a mierda, aunque ahora dos victorias en sendos campeonatos de  f\u00fatbol hayan hecho de repente que el pueblo pierda la memoria, y ni duden en  mostrarla orgullosos en sus balcones, o en el cuello de sus camisetas. No por  ello deja de oler a mierda.<\/p>\n<p style=\"text-align: justify;\">Y, lo peor, no es un olor a mierda seca. Todo lo contrario. Es olor a mierda  fresca, muy fresca.<\/p>\n<p style=\"text-align: justify;\">Es el olor que se desprende de la ilegalizaci\u00f3n preventiva de Sortu, pese a  cumplir, y as\u00ed lo reconocen hasta los propios que han elaborado y votado la  sentencia, con la ley vigente. Aunque, claro, \u00absolo en apariencia\u00bb.<\/p>\n<p style=\"text-align: justify;\">Es el olor que se desprende de todos esos medios de comunicaci\u00f3n  neofascistas, que se pasan los d\u00edas promoviendo los valores m\u00e1s reaccionarios,  alentando la xenofobia, impulsando la homofobia, coqueteando indisimuladamente  con el racismo, y, por supuesto, legitimando con su discurso las pr\u00e1cticas  fascistas que luego acaban con agresiones nazis como las que hemos visto  recientemente en algunas universidades, o un teatro de Barcelona, amen de las  centenares que se dan cada a\u00f1o en las calles.<\/p>\n<p style=\"text-align: justify;\">Es el olor que se desprende de \u00abManos Limpias\u00bb, de \u00abHazteoir\u00bb, DENAES y de  todos esos grup\u00fasculos fascistas que, amparados por pol\u00edticos y jueces de su  misma cuerda, siembran este estado de intolerencia, de represi\u00f3n y de  persecuci\u00f3n perpetua a todo aquel que ose disentir con los valores supremos del  nacional-catolicismo: Dios, patria y rey.<\/p>\n<p style=\"text-align: justify;\">Es el olor que se desprende de unos tribunales de justicia que mandan detener  con bombo y platillo medi\u00e1tico a un grupo de j\u00f3venes por tener la osad\u00eda de  mostrar sus cuerpos desnudos en una Iglesia.<\/p>\n<p style=\"text-align: justify;\">Es el olor que se desprende de esos mismos tribunales que abren una  investigaci\u00f3n penal contra un grupo de personas que se han atrevido a convocar  una profesi\u00f3n atea en Madrid, para mostrar as\u00ed su rechazo a los privilegios que  la Iglesia Cat\u00f3lica tiene en este estado supuestamente aconfesional.<\/p>\n<p style=\"text-align: justify;\">Es el olor que se desprende de las decenas de personas que, estando imputadas  e incluso algunas condenadas por delitos de corrupci\u00f3n, se van a presentar en  las listas electorales de sus partidos, con el apoyo y el respaldo de estos, sin  que a nadie parezca importarles, es m\u00e1s, pareciendo que a m\u00e1s corrupci\u00f3n, m\u00e1s  votos son capaces de tener en sus respectivos pueblos, ciudades o  territorios.<\/p>\n<p style=\"text-align: justify;\">Es el olor que se desprende de un gobierno que marca su agenda pol\u00edtica  sentado en una mesa con los representantes de las cincuenta principales empresas  del estado, que a su vez le obligan a imponer las pol\u00edticas antiobreras que  marcan desde Bruselas y el FMI, todo ello sin que nadie los haya votado, ni a  los unos, ni a los otros, sin que, para m\u00e1s inri, a los que s\u00ed han votado tengan  posibilidad alguna de negarse.<\/p>\n<p style=\"text-align: justify;\">Es el olor que se desprende de esas manifestaciones, retrasmitidas como si  fuesen eventos de inter\u00e9s, en las que unos pocos miles de fachas salen  peri\u00f3dicamente a reivindicar que se ataque sin piedad los derechos de  homosexuales, de las mujeres o de los votantes de una determinada opci\u00f3n  pol\u00edtica vasca a la que quieren convertir en una apestada, seg\u00fan sea el  caso.<\/p>\n<p style=\"text-align: justify;\">Es el olor que se desprende de la presencia de las tropas imperiales  espa\u00f1olas en varios pa\u00edses ajenos, bombardeando y matando a cientos de personas,  por defender los intereses econ\u00f3micos de unos pocos.<\/p>\n<p style=\"text-align: justify;\">Es el olor que se desprende de unas leyes que siguen considerando delitos la  blasfemia, la profanaci\u00f3n y otras memeces nacional-cat\u00f3licas, mientras quieren  impedir que una musulmana pueda ponerse un pa\u00f1uelo en la cabeza.<\/p>\n<p style=\"text-align: justify;\">Es el olor que se desprende de las cont\u00ednuas redadas que los cuerpos y  fuerzas de seguridad del estado realizan contra la poblaci\u00f3n inmigrante, y la  persecuci\u00f3n y condena que quieren hacer con todo aquel que se atreva a  denunciarlo o documentarlo.<\/p>\n<p style=\"text-align: justify;\">Es el olor que se desprende de la incomunicaci\u00f3n a la que son sometidos  determinados detenidos, de las torturas que reiteradamente son denunciadas por  los mismos y avaladas por algunos de los pricipales organismos de derechos  humanos del mundo.<\/p>\n<p style=\"text-align: justify;\">Es el olor que se desprende del encarcelamiento de inocentes, sin m\u00e1s  acusaci\u00f3n que la pertenencia infundada a una banda armada, de la que nunca han  formado parte, y con la que nunca han tenido la menor relaci\u00f3n, pese a lo cual  son detenidos y encarcelados solo por hacer pol\u00edtica, o por atreverse a informar  desde una perspectiva diferente de lo que ocurre en las calles de Euskal  Herria.<\/p>\n<p style=\"text-align: justify;\">Es el olor que se desprende de la indefensi\u00f3n en la que quedan las personas  que son multadas en manifestaciones o actos similares, acusados de cualquier  tonter\u00eda, sin m\u00e1s prueba que la identificaci\u00f3n visual de un polic\u00eda, no pocas  veces en base a listas negras previamente manejadas por dichos polic\u00edas, y nada  m\u00e1s.<\/p>\n<p style=\"text-align: justify;\">Es el olor que se desprende de la potestad que tienen los cuerpos  antidisturbios para disolver a golpes cualquier manifestaci\u00f3n pac\u00edfica que  altere el \u00abbuen\u00bb funcionamiento de una determinada ciudad, pudiendo agredir a  diestro y siniestro, sin que nunca jam\u00e1s tengan que dar explicaciones por ello,  aun cuando las im\u00e1genes demuestren que sus agresiones han sido simplemente  porque les ha dado la gana, con afan de hacer da\u00f1o y causar lesiones a personas  que no estaban usando la violencia, y, a veces, que simplemente pasaban por all\u00ed  y se llevaron una buena dosis de palos.<\/p>\n<p style=\"text-align: justify;\">Es el olor que se desprende de acabar con una huelga de trabajadores  declarando un estado de alarma, y obligando a los trabajadores a ir a su puesto  de trabajo a punta de pistola.<\/p>\n<p style=\"text-align: justify;\">Es el olor que se desprende de leyes que otorgan al estado potestad para  cerrar p\u00e1ginas web en el momento que as\u00ed lo considere oportuno.<\/p>\n<p style=\"text-align: justify;\">Es el olor que se desprende del trato que dan a los ciudadanos de Am\u00e9rica  Latina en los aeropuertos, cuando osan querer venir desde sus pa\u00edses hasta estas  tierras, ya sea a hacer turismo, ya sea a visitar a unos familiares, ya sean  tantos y tantos casos que se repiten diariamente en Barajas y otros lugares del  estado, donde tiene reservadas unas salas de encarcelamiento para darles la  bienvenida.<\/p>\n<p style=\"text-align: justify;\">Es el olor que se desprende del trato que se da a los ciudadanos inmigrantes  en los CIEs, o de la simples existencia legal de dichos centros de reclusi\u00f3n,  donde personas sin ning\u00fan delito son recluidas contra su voluntad, como si  fuesen delinquentes, hasta decretar su expulsi\u00f3n a no se suele saber d\u00f3nde, a  veces cualquier desierto africano donde se los deja, drogados, a expensas de  cualquier cosa.<\/p>\n<p style=\"text-align: justify;\">Es el olor que se desprende las m\u00faltiples ordenazas \u00abc\u00edvicas\u00bb promulgadas por  centenares de Ayuntamientos de todos los rincones del estado, que criminalizan  al ciudadano, y quieren convertir las calles en grandes centros comerciales  donde la \u00fanica actividad v\u00e1lida sea el transito con fines econ\u00f3micos, o el  consumo, y que adem\u00e1s quieren convertir a los ciudadanos en delatores de sus  propios vecinos, en un sistema pan\u00f3ptico legitimado y amparado por ley en el que  todos somos sospechosos\/delatores al mismo tiempo.<\/p>\n<p style=\"text-align: justify;\">Es el olor que se desprende de aquellos alcaldes que est\u00e1n pidiendo que se  saquen a los mendigos de las calles, como el que manda barrer la basura para  tener unas calles limpias a los ojos del turista o del ciudadano com\u00fan, porque  esa y no otra es la intenci\u00f3n de estas tentativas: que la pobreza, la miseria y  la injusticia del capitalismo queden encerradas en guetos donde no puedan verse  por la mayor\u00eda.<\/p>\n<p style=\"text-align: justify;\">Es el olor que se desprende de una constituci\u00f3n elaborada a la sombra del  fascismo, que otorga al ej\u00e9rcito la potestad de intervenir en caso de que  alguien ose, incluso democr\u00e1ticamente, poner en peligro la unidad de Espa\u00f1a, y  que niega expresamente el derecho de los pueblos a poder decidir libremente su  futuro.<\/p>\n<p style=\"text-align: justify;\">Por supuesto, es el olor que se desprende de una instituci\u00f3n mon\u00e1rquica que  en su momento jur\u00f3 la leyes del franquismo, y cuya cabeza visible fue puesta a  dedo por el mism\u00edsimo Franco.<\/p>\n<p style=\"text-align: justify;\">Y as\u00ed pod\u00edamos seguir, dando olorosos argumentos, horas y horas.<\/p>\n<p style=\"text-align: justify;\">As\u00ed que lo dicho, no hace falta que nadie se pase una bandera de Espa\u00f1a por  el culo despu\u00e9s de cagar, Espa\u00f1a ya huele a mierda, desde el mismo momento de su  nacimiento, y ahora, cada vez m\u00e1s y con m\u00e1s descaro, con m\u00e1s fuerza que nunca.<\/p>\n","protected":false},"excerpt":{"rendered":"<p>Pedro Antonio Honrubia Hurtado | Para Kaos en la Red | 14-4-2011 a las 17:00 La semana pasada me enter\u00e9 que frotarse el culo con una bandera rojigualda es delito en este estado \u00abde derecho\u00bb o \u00abde derechas\u00bb nuestro. Y no lo comprendo. No s\u00e9 qu\u00e9 pretenden evitar con ello. Se frote uno o no [&hellip;]<\/p>\n","protected":false},"author":290,"featured_media":0,"comment_status":"closed","ping_status":"closed","sticky":false,"template":"","format":"standard","meta":{"footnotes":""},"categories":[18,131,220],"tags":[226,505,497],"class_list":["post-854","post","type-post","status-publish","format-standard","hentry","category-actualidad","category-iii-republica","category-parlamento-espanolista","tag-cago-en-la-bandera","tag-iii-republica","tag-pensamiento-libre"],"_links":{"self":[{"href":"https:\/\/elpobrecitohablador.es\/wordpress\/wp-json\/wp\/v2\/posts\/854","targetHints":{"allow":["GET"]}}],"collection":[{"href":"https:\/\/elpobrecitohablador.es\/wordpress\/wp-json\/wp\/v2\/posts"}],"about":[{"href":"https:\/\/elpobrecitohablador.es\/wordpress\/wp-json\/wp\/v2\/types\/post"}],"author":[{"embeddable":true,"href":"https:\/\/elpobrecitohablador.es\/wordpress\/wp-json\/wp\/v2\/users\/290"}],"replies":[{"embeddable":true,"href":"https:\/\/elpobrecitohablador.es\/wordpress\/wp-json\/wp\/v2\/comments?post=854"}],"version-history":[{"count":5,"href":"https:\/\/elpobrecitohablador.es\/wordpress\/wp-json\/wp\/v2\/posts\/854\/revisions"}],"predecessor-version":[{"id":857,"href":"https:\/\/elpobrecitohablador.es\/wordpress\/wp-json\/wp\/v2\/posts\/854\/revisions\/857"}],"wp:attachment":[{"href":"https:\/\/elpobrecitohablador.es\/wordpress\/wp-json\/wp\/v2\/media?parent=854"}],"wp:term":[{"taxonomy":"category","embeddable":true,"href":"https:\/\/elpobrecitohablador.es\/wordpress\/wp-json\/wp\/v2\/categories?post=854"},{"taxonomy":"post_tag","embeddable":true,"href":"https:\/\/elpobrecitohablador.es\/wordpress\/wp-json\/wp\/v2\/tags?post=854"}],"curies":[{"name":"wp","href":"https:\/\/api.w.org\/{rel}","templated":true}]}}