{"id":786,"date":"2011-03-11T09:02:04","date_gmt":"2011-03-11T09:02:04","guid":{"rendered":"http:\/\/elpobrecitohablador.es\/wordpress\/?p=786"},"modified":"2011-03-11T09:02:04","modified_gmt":"2011-03-11T09:02:04","slug":"testimonio-de-la-tortura-y-violacion-a-beatriz-etxebarria-por-parte-de-la-policia-espanola","status":"publish","type":"post","link":"https:\/\/elpobrecitohablador.es\/wordpress\/2011\/03\/11\/testimonio-de-la-tortura-y-violacion-a-beatriz-etxebarria-por-parte-de-la-policia-espanola\/","title":{"rendered":"Testimonio de la tortura y violaci\u00f3n a Beatriz Etxebarria por parte de la polic\u00eda espa\u00f1ola."},"content":{"rendered":"<div>\n<p style=\"text-align: justify;\"><img loading=\"lazy\" decoding=\"async\" class=\"alignright size-full wp-image-787\" style=\"margin: 15px;\" title=\"beatriz_torturada\" src=\"https:\/\/elpobrecitohablador.es\/wordpress\/wp-content\/uploads\/2011\/03\/beatriz_torturada.jpg\" alt=\"\" width=\"240\" height=\"188\" srcset=\"https:\/\/elpobrecitohablador.es\/wordpress\/wp-content\/uploads\/2011\/03\/beatriz_torturada.jpg 240w, https:\/\/elpobrecitohablador.es\/wordpress\/wp-content\/uploads\/2011\/03\/beatriz_torturada-150x117.jpg 150w\" sizes=\"auto, (max-width: 240px) 100vw, 240px\" \/>Sobre las 4:00 de la ma\u00f1ana del 1 de marzo de 2011 revientan la puerta. Me agarran del pelo y me llevan en volandas al sal\u00f3n. Estoy en sujetador y no me dejan ponerme ropa durante el registro. En el sal\u00f3n me reducen con violencia y en el sof\u00e1 me intentan poner las esposas. Se enfadan porque me quedan peque\u00f1as. Me dicen mientras sigo sentada en el sof\u00e1: \u00abYa ver\u00e1s qu\u00e9 cinco d\u00edas vas a pasar\u00bb.<\/p>\n<p style=\"text-align: justify;\">Me mare\u00e9 un poco durante el registro del trastero. Me agarran muy fuerte del brazo, me dejan marcas. Me ponen esposas de cuerda y me las van apretando cada vez m\u00e1s.<\/p>\n<p style=\"text-align: justify;\">Al salir de casa me amenazan: que no mire ni hable con mi pareja. Me llevan donde estaba el coche y me proh\u00edben mirar el registro.<!--more--><\/p>\n<p style=\"text-align: justify;\">Me llevan al forense de Bilbo: me miran bien, tengo marcas en las mu\u00f1ecas de las esposas, ten\u00eda las venas hinchadas, y alg\u00fan rasponazo. Los brazos rojos, por la forma de agarrarme, y agarrotados.<\/p>\n<p style=\"text-align: justify;\">Me montan en el Patrol. Me obligaban a cerrar los ojos y me los tapan ellos mismos con la mano. Escucho c\u00f3mo hablan de encontrarse con otro coche.<\/p>\n<p style=\"text-align: justify;\">Paran. Un guardia civil, que se hac\u00eda llamar el Comisario, viene a buscarme y cambiamos de coche. El de ahora no es un Patrol, es un coche normal por el espacio y la altura al entrar. El Comisario empieza a gritarme al o\u00eddo y a amenazarme: \u00abSoy militar y estoy entrenado para matar\u00bb. Me dice que tengo dos opciones: hablar desde el principio, o no. Noto c\u00f3mo sacan una bolsa y me la ponen encima de las manos Durante el viaje a Madrid me dan golpes y collejas en la cabeza, y constantes amenazas. Me dicen que va a parar el coche y \u00abte voy a poner en pelotas, te tiro a la nieve y te voy a abrir en canal\u00bb. El Comisario se quita la chaqueta y empieza a restregarse contra mi cuerpo. El otro polic\u00eda que estaba a su lado \u00abapacigua\u00bb a El Comisario pero tambi\u00e9n me amenaza. Me hacen \u00abla bolsa\u00bb dos veces de camino a Madrid.<\/p>\n<p style=\"text-align: justify;\">En la comisar\u00eda hab\u00eda diferentes habitaciones: en una escuchaba los gritos del resto de detenidos y hab\u00eda otra que estaba m\u00e1s abajo que me daba la sensaci\u00f3n de que estaba aislada, y ah\u00ed el trato era todav\u00eda peor. A la primera la llamar\u00e9 la \u00abhabitaci\u00f3n dura\u00bb y a la otra \u00abla muy dura\u00bb.<\/p>\n<p style=\"text-align: justify;\">Siguen las amenazas y El Comisario me mete a una celda y me dice que piense bien qu\u00e9 voy a hacer. Me sacan de la celda y me llevan al forense.<\/p>\n<p style=\"text-align: justify;\">Son sobre las 20.30 del martes. Le relato que estoy siendo torturada. Me vuelven a llevar a la celda.<\/p>\n<p style=\"text-align: justify;\">Me llevan a la \u00abhabitaci\u00f3n dura\u00bb. All\u00ed o\u00eda gritos del resto de detenidos\/as. Me sientan en una silla y me mojan las manos, mientras escucho ruidos de algo que parecen electrodos. Cuando estaba en la celda tambi\u00e9n escuchaba esos mismos ruidos. Me dicen que tengo que hablar y me empiezan a quitar la ropa hasta dejarme totalmente desnuda. Estando desnuda me echan agua fr\u00eda por encima. Me vuelven a poner la bolsa hasta tres veces seguidas. Me amenazan con hacerme la ba\u00f1era. Estando desnuda, me ponen a cuatro patas encima de una especie de taburete. Me dan vaselina en el ano y en la vagina y me meten un poco un objeto. Sigo desnuda y me envuelven en una manta y me dan golpes. Me agarran, me zarandean y me levantan del suelo.<\/p>\n<p style=\"text-align: justify;\">Me vuelven a llevar a la celda hasta la ma\u00f1ana del mi\u00e9rcoles, cuando vuelvo a visitar al forense. Le cuento algo sobre el trato al que estaba siendo sometida y su actitud fue mala.<\/p>\n<p style=\"text-align: justify;\">Vuelvo a la celda y all\u00ed trato de \u00abdescansar\u00bb un poco. Despu\u00e9s de pasar un rato, viene El Comisario y me lleva a la sala \u00abmuy dura\u00bb. All\u00ed me vuelve a desnudar. Me estira del pelo, me da golpes en la cabeza y me grita al o\u00eddo que es militar y que est\u00e1 entrenado para matar y que \u00abte voy a destrozar toda por dentro para que no puedas tener peque\u00f1os etarras\u00bb.<\/p>\n<p style=\"text-align: justify;\">Me vuelven a llevar a la celda y despu\u00e9s de estar all\u00ed, al forense. No le cuento nada, al ver cu\u00e1l hab\u00eda sido su actitud en la \u00faltima visita en la que cuestionaba el relato de torturas que le hab\u00eda hecho.<\/p>\n<p style=\"text-align: justify;\">En los interrogatorios siempre hab\u00eda mucha gente. Una vez cont\u00e9 hasta siete voces diferentes. Me amenazan constantemente con mi pareja (al que escucho c\u00f3mo est\u00e1 siendo torturado). Tambi\u00e9n me amenazan con detener a mi hermano. Me dicen que como no haya trato no s\u00f3lo van a detener a mis padres, sino que tambi\u00e9n van a llevar a mi abuela \u00aben bragas y que se la iba a follar\u00bb.<\/p>\n<p style=\"text-align: justify;\">El ante\u00faltimo d\u00eda El Comisario me vuelve a desnudar. Tira una manta al suelo, grita y me dicen que me van a violar, otra vez. Me da la impresi\u00f3n de que \u00e9l se empieza a quitar la ropa, escucho c\u00f3mo se quita el cintur\u00f3n. Entonces, al que llamaban Garmendia intenta tranquilizarle, lo saca de la sala en la que estaban y escucho c\u00f3mo hablan. Garmendia entra otra vez en la habitaci\u00f3n y me dice que le prometa que voy a declarar.<\/p>\n<p style=\"text-align: justify;\">El \u00faltimo d\u00eda tuve hasta seis interrogatorios. La segunda declaraci\u00f3n policial la hago el s\u00e1bado a las 5:40. Despu\u00e9s no me vuelven a desnudar y la agresividad era menor, incluso llegaron a decirme si quer\u00eda ver a I\u00f1igo.<\/p>\n<p style=\"text-align: justify;\">Las amenazas no cesaron hasta llegar a la Audiencia Nacional. En el furg\u00f3n, El comisario, que estaba sentado a mi lado, me dijo que ten\u00eda que ratificar delante del juez la declaraci\u00f3n.<\/p>\n<p style=\"text-align: justify;\">Durante todo el periodo de incomunicaci\u00f3n, salvo cuando iba donde el forense, estuve con los ojos tapados con diferentes antifaces. Hab\u00eda alguno de l\u00e1tex que ten\u00eda una especie de polvo que ellos dec\u00edan que si abr\u00eda los ojos me iba a quedar ciega. Yo s\u00ed notaba que cuando me lo quitaban (para ir al forense) me picaban los ojos durante un rato. Cuando estaba con El Comisario me pon\u00edan otro antifaz que era como de terciopelo.<\/p>\n<p style=\"text-align: justify;\">Durante la incomunicaci\u00f3n estuve sobre todo con tres polic\u00edas (El Comisario, El Inspector y Garmendia, que era menos salvaje), aunque durante los interrogatorios sol\u00eda haber mucha gente siempre en la habitaci\u00f3n.<\/p>\n<p style=\"text-align: justify;\">Ante el juez negu\u00e9 la declaraci\u00f3n policial y denunci\u00e9 haber sido torturada.<\/p>\n<p style=\"text-align: justify;\"><em><strong>\u00a0 <\/strong><\/em><\/p>\n<\/div>\n","protected":false},"excerpt":{"rendered":"<p>Sobre las 4:00 de la ma\u00f1ana del 1 de marzo de 2011 revientan la puerta. Me agarran del pelo y me llevan en volandas al sal\u00f3n. Estoy en sujetador y no me dejan ponerme ropa durante el registro. En el sal\u00f3n me reducen con violencia y en el sof\u00e1 me intentan poner las esposas. Se [&hellip;]<\/p>\n","protected":false},"author":290,"featured_media":0,"comment_status":"closed","ping_status":"closed","sticky":false,"template":"","format":"standard","meta":{"footnotes":""},"categories":[18,14,214],"tags":[499,8,498,491,55,4],"class_list":["post-786","post","type-post","status-publish","format-standard","hentry","category-actualidad","category-terrorismo-de-estado","category-torturadores","tag-derechos-humanos","tag-eta","tag-euskal-herria","tag-terrorismo-de-estado","tag-torturas","tag-violencia"],"_links":{"self":[{"href":"https:\/\/elpobrecitohablador.es\/wordpress\/wp-json\/wp\/v2\/posts\/786","targetHints":{"allow":["GET"]}}],"collection":[{"href":"https:\/\/elpobrecitohablador.es\/wordpress\/wp-json\/wp\/v2\/posts"}],"about":[{"href":"https:\/\/elpobrecitohablador.es\/wordpress\/wp-json\/wp\/v2\/types\/post"}],"author":[{"embeddable":true,"href":"https:\/\/elpobrecitohablador.es\/wordpress\/wp-json\/wp\/v2\/users\/290"}],"replies":[{"embeddable":true,"href":"https:\/\/elpobrecitohablador.es\/wordpress\/wp-json\/wp\/v2\/comments?post=786"}],"version-history":[{"count":2,"href":"https:\/\/elpobrecitohablador.es\/wordpress\/wp-json\/wp\/v2\/posts\/786\/revisions"}],"predecessor-version":[{"id":789,"href":"https:\/\/elpobrecitohablador.es\/wordpress\/wp-json\/wp\/v2\/posts\/786\/revisions\/789"}],"wp:attachment":[{"href":"https:\/\/elpobrecitohablador.es\/wordpress\/wp-json\/wp\/v2\/media?parent=786"}],"wp:term":[{"taxonomy":"category","embeddable":true,"href":"https:\/\/elpobrecitohablador.es\/wordpress\/wp-json\/wp\/v2\/categories?post=786"},{"taxonomy":"post_tag","embeddable":true,"href":"https:\/\/elpobrecitohablador.es\/wordpress\/wp-json\/wp\/v2\/tags?post=786"}],"curies":[{"name":"wp","href":"https:\/\/api.w.org\/{rel}","templated":true}]}}