{"id":707,"date":"2010-11-09T14:39:49","date_gmt":"2010-11-09T14:39:49","guid":{"rendered":"http:\/\/elpobrecitohablador.es\/wordpress\/?p=707"},"modified":"2010-11-09T14:41:53","modified_gmt":"2010-11-09T14:41:53","slug":"por-la-unidad-de-los-soberanistas-y-comunistas-kanarios","status":"publish","type":"post","link":"https:\/\/elpobrecitohablador.es\/wordpress\/2010\/11\/09\/por-la-unidad-de-los-soberanistas-y-comunistas-kanarios\/","title":{"rendered":"Por la unidad de los soberanistas y comunistas kanarios."},"content":{"rendered":"<figure id=\"attachment_708\" aria-describedby=\"caption-attachment-708\" style=\"width: 188px\" class=\"wp-caption alignleft\"><img loading=\"lazy\" decoding=\"async\" class=\"size-thumbnail wp-image-708\" style=\"margin: 15px;\" title=\"habiaunavezperoyanohay\" src=\"https:\/\/elpobrecitohablador.es\/wordpress\/wp-content\/uploads\/2010\/11\/habiaunavezperoyanohay-150x150.jpg\" alt=\"\" width=\"188\" height=\"257\" \/><figcaption id=\"caption-attachment-708\" class=\"wp-caption-text\">Sindicatos de clase, Partidos Obreros....<\/figcaption><\/figure>\n<p>Reflexiones sobre\u00a0 <strong>\u00abDe la movilizaci\u00f3n social a la movilizaci\u00f3n pol\u00edtica\u00bb de Joaqu\u00edn Sagaseta y <\/strong><strong>Encuentro Comunista<\/strong><strong>.<\/strong><\/p>\n<p>Salu2 nuevamente camaradas, verles por kaos reconforta, no tanto ver que seguimos como hace a\u00f1os, todos hablando de unidad desde hace meses cuando no a\u00f1os, pero por ning\u00fan lado se aporta que pasos hay que dar, \u00bfcual es el primer paso a dar?, \u00bfque m\u00e9todos se usar\u00e1n?, de capillas y popes, de democracia participativa, de centralismo democr\u00e1tico, de respeto a las minor\u00edas, etc. etc.<\/p>\n<p>Bueno miento, document\u00e1ndome antes de terminar estos garabatos, como no pod\u00eda ser menos el prCC y su Teodorizante <em>miembro del Comit\u00e9 Central<\/em> nos aporta bastantes tics de los habituales por las distintas familias comunistas en \u00ab<strong>Qu\u00e9 hacer, c\u00f3mo hacerlo\u00bb <\/strong>y claro los personalismos est\u00e1n excluidos, que no representan otra cosa que su \u201ca t\u00edtulo personal\u201d, salvo los de sus lindos doce militantes-ap\u00f3stoles, solo los partiditos \u00abn\u00e1\u00bb enteritos podr\u00e1n participar,\u00a0 \u00bfrepresenta alg\u00fan partido revolucionario hoy en kanarias algo m\u00e1s que a sus voluntariosos militantes?, por eso est\u00e1n los Brenes, Su\u00e1rez y Barrios perseguidos y encarcelados por defender lo m\u00e1s elemental del marxismo, igualitos que el peque\u00f1o burgu\u00e9s Otegui.<!--more--><\/p>\n<p>En anteriores ocasiones me he puesto a elucubrar sobre el tema, pero quiz\u00e1s no hable claro, nos vemos enredados m\u00e1s en el lucimiento personal y destrucci\u00f3n del amigo equivocado que en avanzar, aportar, alumbrar pasos imaginativos y creativos en la direcci\u00f3n de ser autentica vanguardia de la revoluci\u00f3n necesaria. Creo recordar que afirmaba que no se dar\u00eda unidad soberanista o polo de progreso como tu lo llamas si los que de verdad sufren el paro, la miseria y la opresi\u00f3n del obsceno CANIBALISMO no toman en sus manos la tarea de levantar una fuerza pol\u00edtica revolucionaria que luche en todos los frentes incluido el electoral.<\/p>\n<p>Dado que nuestro pueblo, por mucho que nos entusiasme la aproximaci\u00f3n a una huelga general que fue 29-S, no es la punta de lanza en la lucha contra el Estado C\u00e1rcel de pueblos, es a las autodenominadas vanguardias a las que corresponde la tarea de que al menos electoralmente se pueda presentar batalla, ya que si ni tan siquiera en este terreno es posible la unidad, m\u00e1s oscuro\u00a0 me parece acercarnos a una autentica organizaci\u00f3n sindical de clase unitaria y m\u00e1s lejos a\u00fan la del partido de clase y revolucionario imprescindible para evitar, como muy bien dices, la destrucci\u00f3n del Planeta.<\/p>\n<p>Como lo visto hasta ahora es puro dialogo de sordos, basta visitar la por fin secci\u00f3n canaria de kaos y comprobar los aportes desde todas las posiciones, todas muy elaboradas, sesudas y unitarias pero eso es todo, de las buenas intenciones no se pasa, no ser\u00eda bueno por ejemplo decir que d\u00eda se re\u00fanen y hacerlo p\u00fablicamente, invitando a sumarse a todos los que est\u00e9n por la unidad de los comunistas, es m\u00e1s porque no invitan a todos\/as los canarios que juegan un papel en los movimientos de masas o pol\u00edticos a debatir con luz y taqu\u00edgrafos sobre la unidad (Quiz\u00e1s nos falte el disco \u00abrayao\u00bb del a\u00f1orado Fernando).<\/p>\n<p>Al margen de an\u00e1lisis psicol\u00f3gicos del pueblo canario, tipo Salvador Alem\u00e1n, lo que si conocemos es la divisi\u00f3n en islas, la segmentaci\u00f3n de la clase obrera, servicios sin apenas industria, un gran peso del campesinado, en unas condiciones de colonizaci\u00f3n ideol\u00f3gica tanto de la burgues\u00eda espa\u00f1olista como de la nacionalista y de estas condiciones materiales tales vanguardias, atomizaci\u00f3n, diversos sometimientos ideol\u00f3gicos y sobre todo cortedad de miras, m\u00e1s de peque\u00f1o burgueses que de honestos revolucionar\u00edos\/as.<\/p>\n<p>Podr\u00edamos convenir que para que haya unidad debe haber debate y el que existe, si es que lo hay, por lo que se ve solo es de cara a la galer\u00eda, Kaos y poco m\u00e1s, por tanto fijemos lugar, hora y fecha para debatir, que al menos los que pretendemos ser comunistas seamos un poco m\u00e1s formalmente dem\u00f3cratas que los burgueses de los 59&#8243; y demos la participaci\u00f3n a revolucionarios que les sobrar\u00edan segundos para concretar sus posiciones.<\/p>\n<p>Segunda ocasi\u00f3n que lo planteo y esperemos que a la tercera sea la vencida, en caso contrario si nadie lo hace no nos quedar\u00e1 otra opci\u00f3n, a los que estemos de verdad por la unidad y el debate, que enviar cartas p\u00fablicas a cada uno de los partidos y organizaciones existente con sus respectivos dirigentes emplaz\u00e1ndoles a debatir p\u00fablicamente y sin exclusiones sobre la unidad de los comunistas, as\u00ed como la unidad soberanista y de izquierdas que haga frente electoralmente a las mafias pol\u00edticas actuales \u00fanica formula de arrebatar la dominaci\u00f3n ideol\u00f3gica burguesa y peque\u00f1oburguesa en el pueblo Kanario alienado hasta las trancas.<\/p>\n<p>Por ejemplo, mientras dan pasos m\u00e1s profundos, podr\u00edan ir solicitando adhesiones al primer manifiesto, a este o a uno nuevo, desde luego me pueden incluir y al menos iremos sumando voluntades pues conmueve ver a camaradas valiosos trabajando, desga\u00f1it\u00e1ndose y sin sumar una nueva voluntad de los tantos comunistas, hombres y mujeres valiosos que malviven envueltos en miserables rencillas en sus cuarteles de invierno, esperando mejores condiciones para dar lo que a nos comunistas nos es exigido si no queremos ser los peores enemigos de la liberaci\u00f3n social y nacional.<\/p>\n<p>Pero el nudo gordiano, seamos sinceros, esta en atraer a la unidad a todos, a los revolucionarios en el campo nacional kanario y a los revolucionarios anarquistas y comunistas hoy enfrentados a los primeros y entre ellos, as\u00ed como atraer a los revolucionarios que en los sindicatos y partidos reformistas se conforman con su agon\u00eda por falta de alternativas serias, nada de eso ser\u00e1 posible sin generosidad en el debate y la honestidad intelectual de aceptar la decisi\u00f3n de la mayor\u00eda, pese a saber que no siempre la mayor\u00eda tiene la raz\u00f3n, esto que es la democracia del centralismo comunista, es la garant\u00eda que permite la retroalimentaci\u00f3n dial\u00e9ctica de la teor\u00eda revolucionaria-practica revolucionaria.<\/p>\n<p>Y se\u00f1ores aqu\u00ed esta la madre de todas las batallas, preferimos ser cabeza de ratoncitos de granero a cola de le\u00f3n y desde luego menos reconocerse \u00abminor\u00eda\u00bb dentro del bloque de los oprimidos, la herencia burguesa en los comunistas a parte de ser inevitable, de ah\u00ed lo imprescindible de critica y autocr\u00edtica constante, se convierte en pat\u00e9tica al ver los bailes de vanidades sin pudor de flamantes dirigentes que desde un ordenata y cuatro seguidores, perd\u00f3n una docena, para estar mejor adocenados, emiten comunicados, hablan de unidad y se consideran los \u00fanicos baluartes del comunismo, no rebaj\u00e1ndose a debatir con pobrecitos habladores, por m\u00e1s que les pinchen, ellos est\u00e1n en sus casitas del barrio alto tan a gustito.<\/p>\n<p>El Komunismo es sencillez, humildad, entrega, critica, autocr\u00edtica, teor\u00eda revolucionaria, practica revolucionar\u00e1 y sobre todo honestidad intelectual y que ni siquiera el pCpC que a nivel de Espa\u00f1a se atreve a sacar un comunicado de apoyo a la izquierda abertzale, en kanarias no lo haga, aqu\u00ed este tema saca sarpull\u00edos, que ning\u00fan marxista se autoinculpe afirmando que tambi\u00e9n defiende la luchas de los pueblos por su liberaci\u00f3n sean violentas o pacificas, d\u00edganselo a los saharauis despu\u00e9s de 20 a\u00f1os aceptando los medios buenistas, como dir\u00eda la derechona, \u00a1\u00a1manda huevos!!.<\/p>\n<p>Con todo soy optimista, peor no podemos estar y el resto de pueblos, Euskal Herria, Catalunya, Galiza, Cantabria, Al andaluz, los Saharauis se les caen las vendas y desde luego el pueblo kanario, por muy doble explotaci\u00f3n y alienaci\u00f3n que sufra, se est\u00e1 levantando y organizando cada vez m\u00e1s, CoBas, Intersindical y otros cobran fuerza y salvo los que todos, que leemos m\u00ednimamente kaos y otros medios alternativos, sabemos; est\u00e1n por levantar barricadas unitarias tanto electoralmente como organizativamente.<\/p>\n<p>\u00a1Por la Unidad!<\/p>\n<p>\u00a1\u00a1Viva la lucha de las clases y los pueblos por su liberaci\u00f3n sean pacificas o violentas!!<\/p>\n<p><span style=\"font-size: small;\"><a href=\"https:\/\/elpobrecitohablador.es\/wordpress\/2009\/08\/31\/los-comunistas-canarios-en-busca-de-la-reunificacion\/\" target=\"_blank\">Los comunistas canarios, en busca de la reunificaci\u00f3n.<\/a><\/span><\/p>\n<h5><strong><a href=\"https:\/\/elpobrecitohablador.es\/wordpress\/?s=La+Posici\u00f3n+y+la+Tarea+de+los+Komunistas+Kanarios\" target=\"_blank\">La Posici\u00f3n y la Tarea de los Komunistas Kanarios<\/a><\/strong><\/h5>\n<p><span style=\"font-size: small;\"><a href=\"https:\/\/elpobrecitohablador.es\/wordpress\/2010\/06\/05\/reflexiones-ante-el-comunicado-conjunto-pcc-pcpc-prcc\/\" target=\"_blank\">Reflexiones ante el comunicado conjunto PCC-PCPC-PRCC<\/a><\/span><\/p>\n<h5><strong><a href=\"https:\/\/elpobrecitohablador.es\/wordpress\/2010\/05\/18\/440\/\" target=\"_blank\">Unidad de los Independentistas Kanarios y del Estado, para este viaje, alforjas y lo que jaga farta.<\/a><\/strong><\/h5>\n","protected":false},"excerpt":{"rendered":"<p>Reflexiones sobre\u00a0 \u00abDe la movilizaci\u00f3n social a la movilizaci\u00f3n pol\u00edtica\u00bb de Joaqu\u00edn Sagaseta y Encuentro Comunista. Salu2 nuevamente camaradas, verles por kaos reconforta, no tanto ver que seguimos como hace a\u00f1os, todos hablando de unidad desde hace meses cuando no a\u00f1os, pero por ning\u00fan lado se aporta que pasos hay que dar, \u00bfcual es el [&hellip;]<\/p>\n","protected":false},"author":290,"featured_media":0,"comment_status":"closed","ping_status":"closed","sticky":false,"template":"","format":"standard","meta":{"footnotes":""},"categories":[9,202],"tags":[80,488,203],"class_list":["post-707","post","type-post","status-publish","format-standard","hentry","category-marxismo","category-unidad-comunista","tag-comunismo","tag-marxismo","tag-unidad-komunista"],"_links":{"self":[{"href":"https:\/\/elpobrecitohablador.es\/wordpress\/wp-json\/wp\/v2\/posts\/707","targetHints":{"allow":["GET"]}}],"collection":[{"href":"https:\/\/elpobrecitohablador.es\/wordpress\/wp-json\/wp\/v2\/posts"}],"about":[{"href":"https:\/\/elpobrecitohablador.es\/wordpress\/wp-json\/wp\/v2\/types\/post"}],"author":[{"embeddable":true,"href":"https:\/\/elpobrecitohablador.es\/wordpress\/wp-json\/wp\/v2\/users\/290"}],"replies":[{"embeddable":true,"href":"https:\/\/elpobrecitohablador.es\/wordpress\/wp-json\/wp\/v2\/comments?post=707"}],"version-history":[{"count":2,"href":"https:\/\/elpobrecitohablador.es\/wordpress\/wp-json\/wp\/v2\/posts\/707\/revisions"}],"predecessor-version":[{"id":710,"href":"https:\/\/elpobrecitohablador.es\/wordpress\/wp-json\/wp\/v2\/posts\/707\/revisions\/710"}],"wp:attachment":[{"href":"https:\/\/elpobrecitohablador.es\/wordpress\/wp-json\/wp\/v2\/media?parent=707"}],"wp:term":[{"taxonomy":"category","embeddable":true,"href":"https:\/\/elpobrecitohablador.es\/wordpress\/wp-json\/wp\/v2\/categories?post=707"},{"taxonomy":"post_tag","embeddable":true,"href":"https:\/\/elpobrecitohablador.es\/wordpress\/wp-json\/wp\/v2\/tags?post=707"}],"curies":[{"name":"wp","href":"https:\/\/api.w.org\/{rel}","templated":true}]}}