{"id":689,"date":"2010-09-30T17:39:09","date_gmt":"2010-09-30T16:39:09","guid":{"rendered":"http:\/\/elpobrecitohablador.es\/wordpress\/?p=689"},"modified":"2010-09-30T17:42:52","modified_gmt":"2010-09-30T16:42:52","slug":"testimonio-real","status":"publish","type":"post","link":"https:\/\/elpobrecitohablador.es\/wordpress\/2010\/09\/30\/testimonio-real\/","title":{"rendered":"Testimonio real"},"content":{"rendered":"<p><img loading=\"lazy\" decoding=\"async\" class=\"alignleft size-full wp-image-690\" style=\"margin: 15px;\" title=\"suicidio\" src=\"https:\/\/elpobrecitohablador.es\/wordpress\/wp-content\/uploads\/2010\/09\/suicidio.jpg\" alt=\"\" width=\"403\" height=\"259\" srcset=\"https:\/\/elpobrecitohablador.es\/wordpress\/wp-content\/uploads\/2010\/09\/suicidio.jpg 600w, https:\/\/elpobrecitohablador.es\/wordpress\/wp-content\/uploads\/2010\/09\/suicidio-300x193.jpg 300w, https:\/\/elpobrecitohablador.es\/wordpress\/wp-content\/uploads\/2010\/09\/suicidio-290x186.jpg 290w, https:\/\/elpobrecitohablador.es\/wordpress\/wp-content\/uploads\/2010\/09\/suicidio-150x96.jpg 150w\" sizes=\"auto, (max-width: 403px) 100vw, 403px\" \/>Soy hijo de exiliados.<\/p>\n<p>Hasta los 27 a\u00f1os y poco  antes de la transici\u00f3n no pude volver a Espa\u00f1a por culpa de Franco.<\/p>\n<p>A mi  padre, pobrecito, no sab\u00edamos ni d\u00f3nde enterrarlo.<\/p>\n<p>Mi madre estuvo muchos  a\u00f1os en silla de ruedas.<\/p>\n<p>Ahora tengo 70 a\u00f1os. Hace meses me sacaron el 30  % de un pulm\u00f3n.<\/p>\n<p>Mi mujer es inmigrante.Tengo tres hijos con ella.<\/p>\n<p>De los tres s\u00f3lo trabaja una, la del medio,&#8230; pero no cobra  nada.<\/p>\n<p>Todos, incluidos los nietos, viven de mi asignaci\u00f3n.<!--more--><\/p>\n<p>La  mayor se acaba de divorciar. Mi yerno se daba a las drogas y al alcohol y la ha  dejado con dos ni\u00f1os.<\/p>\n<p>El peque\u00f1o de mis hijos a\u00fan no se ha ido de casa y  adem\u00e1s se ha casado con una divorciada y la ha tra\u00eddo a vivir con nosotros.<\/p>\n<p>Esa se\u00f1ora antes trabajaba, ten\u00eda muy buen puesto, pero desde que vino a  mi casa ya no hace nada.<\/p>\n<p>Ahora tienen dos ni\u00f1as que tambi\u00e9n viven bajo  nuestro techo.<\/p>\n<p>Y para colmo este a\u00f1o, con lo de la crisis, casi no nos  hemos podido ir de vacaciones y si me apuras&#8230; ni he podido celebrar que Espa\u00f1a  ha ganado el Mundial.<\/p>\n<p>El periodista pone los ojos muy redondos y  comenta: &#8230; Majestad, no creo que su situaci\u00f3n sea tan mala  &#8230;<\/p>\n","protected":false},"excerpt":{"rendered":"<p>Soy hijo de exiliados. Hasta los 27 a\u00f1os y poco antes de la transici\u00f3n no pude volver a Espa\u00f1a por culpa de Franco. A mi padre, pobrecito, no sab\u00edamos ni d\u00f3nde enterrarlo. Mi madre estuvo muchos a\u00f1os en silla de ruedas. Ahora tengo 70 a\u00f1os. Hace meses me sacaron el 30 % de un pulm\u00f3n. [&hellip;]<\/p>\n","protected":false},"author":290,"featured_media":0,"comment_status":"closed","ping_status":"closed","sticky":false,"template":"","format":"standard","meta":{"footnotes":""},"categories":[18,17,112,57,131,22],"tags":[494,505,492],"class_list":["post-689","post","type-post","status-publish","format-standard","hentry","category-actualidad","category-anticapitalismo","category-antimperialismo","category-derechos-humanos","category-iii-republica","category-pensamiento-libre","tag-anticapitalismo","tag-iii-republica","tag-salud-mental"],"_links":{"self":[{"href":"https:\/\/elpobrecitohablador.es\/wordpress\/wp-json\/wp\/v2\/posts\/689","targetHints":{"allow":["GET"]}}],"collection":[{"href":"https:\/\/elpobrecitohablador.es\/wordpress\/wp-json\/wp\/v2\/posts"}],"about":[{"href":"https:\/\/elpobrecitohablador.es\/wordpress\/wp-json\/wp\/v2\/types\/post"}],"author":[{"embeddable":true,"href":"https:\/\/elpobrecitohablador.es\/wordpress\/wp-json\/wp\/v2\/users\/290"}],"replies":[{"embeddable":true,"href":"https:\/\/elpobrecitohablador.es\/wordpress\/wp-json\/wp\/v2\/comments?post=689"}],"version-history":[{"count":4,"href":"https:\/\/elpobrecitohablador.es\/wordpress\/wp-json\/wp\/v2\/posts\/689\/revisions"}],"predecessor-version":[{"id":693,"href":"https:\/\/elpobrecitohablador.es\/wordpress\/wp-json\/wp\/v2\/posts\/689\/revisions\/693"}],"wp:attachment":[{"href":"https:\/\/elpobrecitohablador.es\/wordpress\/wp-json\/wp\/v2\/media?parent=689"}],"wp:term":[{"taxonomy":"category","embeddable":true,"href":"https:\/\/elpobrecitohablador.es\/wordpress\/wp-json\/wp\/v2\/categories?post=689"},{"taxonomy":"post_tag","embeddable":true,"href":"https:\/\/elpobrecitohablador.es\/wordpress\/wp-json\/wp\/v2\/tags?post=689"}],"curies":[{"name":"wp","href":"https:\/\/api.w.org\/{rel}","templated":true}]}}