{"id":686,"date":"2010-09-29T11:52:17","date_gmt":"2010-09-29T10:52:17","guid":{"rendered":"http:\/\/elpobrecitohablador.es\/wordpress\/?p=686"},"modified":"2010-09-29T11:52:17","modified_gmt":"2010-09-29T10:52:17","slug":"facebook-ha-suprimido-por-tercera-vez-la-web-de-otegui","status":"publish","type":"post","link":"https:\/\/elpobrecitohablador.es\/wordpress\/2010\/09\/29\/facebook-ha-suprimido-por-tercera-vez-la-web-de-otegui\/","title":{"rendered":"Facebook ha suprimido por tercera vez la web de Otegui"},"content":{"rendered":"<p style=\"text-align: justify;\"><strong><span style=\"text-decoration: underline;\">Facebook veta a Arnaldo Otegi por tercera vez<\/span><\/strong> <strong>Facebook ha suprimido la p\u00e1gina que reclamaba la puesta en libertad de Arnaldo Otegi, que ten\u00eda casi 5.000 seguidores en la red social. Una nueva cuenta ya est\u00e1 en marcha.<\/p>\n<p><\/strong><\/p>\n<p style=\"text-align: justify;\">GARA<\/p>\n<p style=\"text-align: justify;\"><strong>DONOSTIA-.<\/strong> Es la tercera vez que Facebook suprime una cuenta de Arnaldo Otegi. En esta ocasi\u00f3n ha eliminado la p\u00e1gina \u2013<a href=\"http:\/\/webcache.googleusercontent.com\/search?q=cache:TxZ9N4ySYVwJ:www.facebook.com\/pages\/Free-Arnaldo-Otegi\/134658569906692+free+Arnaldo+Otegi+facebook&amp;cd=1&amp;hl=eu&amp;ct=clnk&amp;gl=es&amp;client=firefox-a\">en la memoria cach\u00e9<\/a>\u2013 que reclamaba su puesta en libertad, que el 20 de setiembre hab\u00eda alcanzado los 4.924 amigos o seguidores en la red social.<\/p>\n<p style=\"text-align: justify;\"><a href=\"http:\/\/www.gara.net\/paperezkoa\/20100722\/211475\/es\/Facebook\/suprime\/la\/cuenta\/de\/Otegi\/que\/tenia\/4.600\/amigos\/\">La primera vez que Facebook censur\u00f3<\/a> una cuenta de Otegi fue el pasado mes de julio. El dirigente abertzale ten\u00eda 4.600 seguidores. Facebook esgrimi\u00f3 como argumento que la p\u00e1gina \u00abviolaba los t\u00e9rminos de uso\u00bb de la empresa y que, de acuerdo con su pol\u00edtica, \u00abel perfil de un usuario tan s\u00f3lo puede ser administrado por el titular del mismo y no terceras partes o representantes legales\u00bb.<\/p>\n<p style=\"text-align: justify;\">Enseguida se cre\u00f3 otra p\u00e1gina, pero transcurridas menos de 24 horas <a href=\"http:\/\/www.gara.net\/paperezkoa\/20100723\/211544\/es\/Facebook\/veta\/una\/segunda\/cuenta\/de\/Otegi\/mientras\/ya\/esta\/en\/marcha\/la\/tercera\/\">tambi\u00e9n fue suprimida<\/a>.<\/p>\n<p style=\"text-align: justify;\">Pocos minutos despu\u00e9s de la clausura de la segunda cuenta, una nueva p\u00e1gina que reclamaba la libertad de Arnaldo Otegi se hac\u00eda hueco en la red social, hasta hoy.<\/p>\n<p>Ante este \u00faltimo veto, se ha abierto <a href=\"http:\/\/www.facebook.com\/pages\/8719600510\/163381440341057?v=wall\">una nueva cuenta<\/a>, con el n\u00famero de preso del elgoibartarra.<\/p>\n<h6><a href=\"http:\/\/www.facebook.com\/pages\/8719600510\/163381440341057?v=wall\" target=\"_blank\"> http:\/\/www.facebook.com\/pages\/8719600510\/163381440341057?v=wall <\/a><\/h6>\n","protected":false},"excerpt":{"rendered":"<p>Facebook veta a Arnaldo Otegi por tercera vez Facebook ha suprimido la p\u00e1gina que reclamaba la puesta en libertad de Arnaldo Otegi, que ten\u00eda casi 5.000 seguidores en la red social. Una nueva cuenta ya est\u00e1 en marcha. GARA DONOSTIA-. Es la tercera vez que Facebook suprime una cuenta de Arnaldo Otegi. En esta ocasi\u00f3n [&hellip;]<\/p>\n","protected":false},"author":290,"featured_media":0,"comment_status":"closed","ping_status":"closed","sticky":false,"template":"","format":"standard","meta":{"footnotes":""},"categories":[23,119,173,22,19,198,14],"tags":[181,201,58,491],"class_list":["post-686","post","type-post","status-publish","format-standard","hentry","category-euskal-herria","category-falsimedia","category-independentismo","category-pensamiento-libre","category-prensa-alternativa","category-presos","category-terrorismo-de-estado","tag-censura","tag-facebook-facist","tag-presos-politicos","tag-terrorismo-de-estado"],"_links":{"self":[{"href":"https:\/\/elpobrecitohablador.es\/wordpress\/wp-json\/wp\/v2\/posts\/686","targetHints":{"allow":["GET"]}}],"collection":[{"href":"https:\/\/elpobrecitohablador.es\/wordpress\/wp-json\/wp\/v2\/posts"}],"about":[{"href":"https:\/\/elpobrecitohablador.es\/wordpress\/wp-json\/wp\/v2\/types\/post"}],"author":[{"embeddable":true,"href":"https:\/\/elpobrecitohablador.es\/wordpress\/wp-json\/wp\/v2\/users\/290"}],"replies":[{"embeddable":true,"href":"https:\/\/elpobrecitohablador.es\/wordpress\/wp-json\/wp\/v2\/comments?post=686"}],"version-history":[{"count":2,"href":"https:\/\/elpobrecitohablador.es\/wordpress\/wp-json\/wp\/v2\/posts\/686\/revisions"}],"predecessor-version":[{"id":688,"href":"https:\/\/elpobrecitohablador.es\/wordpress\/wp-json\/wp\/v2\/posts\/686\/revisions\/688"}],"wp:attachment":[{"href":"https:\/\/elpobrecitohablador.es\/wordpress\/wp-json\/wp\/v2\/media?parent=686"}],"wp:term":[{"taxonomy":"category","embeddable":true,"href":"https:\/\/elpobrecitohablador.es\/wordpress\/wp-json\/wp\/v2\/categories?post=686"},{"taxonomy":"post_tag","embeddable":true,"href":"https:\/\/elpobrecitohablador.es\/wordpress\/wp-json\/wp\/v2\/tags?post=686"}],"curies":[{"name":"wp","href":"https:\/\/api.w.org\/{rel}","templated":true}]}}