{"id":653,"date":"2010-08-28T22:40:30","date_gmt":"2010-08-28T21:40:30","guid":{"rendered":"http:\/\/elpobrecitohablador.es\/wordpress\/?p=653"},"modified":"2010-08-28T22:40:48","modified_gmt":"2010-08-28T21:40:48","slug":"la-realidad-de-las-carceles-espanolas-contada-por-un-medico-en-pruebas","status":"publish","type":"post","link":"https:\/\/elpobrecitohablador.es\/wordpress\/2010\/08\/28\/la-realidad-de-las-carceles-espanolas-contada-por-un-medico-en-pruebas\/","title":{"rendered":"La realidad de las c\u00e1rceles espa\u00f1olas, contada por un m\u00e9dico en pruebas"},"content":{"rendered":"<p><strong><a href=\"https:\/\/elpobrecitohablador.es\/wordpress\/wp-content\/uploads\/2010\/08\/carcel.jpg\" rel=\"lightbox[653]\"><img loading=\"lazy\" decoding=\"async\" class=\"alignleft size-full wp-image-654\" style=\"margin: 15px;\" title=\"carcel\" src=\"https:\/\/elpobrecitohablador.es\/wordpress\/wp-content\/uploads\/2010\/08\/carcel.jpg\" alt=\"\" width=\"258\" height=\"195\" srcset=\"https:\/\/elpobrecitohablador.es\/wordpress\/wp-content\/uploads\/2010\/08\/carcel.jpg 258w, https:\/\/elpobrecitohablador.es\/wordpress\/wp-content\/uploads\/2010\/08\/carcel-150x113.jpg 150w\" sizes=\"auto, (max-width: 258px) 100vw, 258px\" \/><\/a>La dram\u00e1tica realidad en la que viven los internos en las  c\u00e1rceles espa\u00f1olas, contada por un estudiante de medicina, en pr\u00e1cticas  durante mes en una de ellas. Terrible y sobrecogedor&#8230;<\/strong><\/p>\n<p><!-- \/Master --> <!-- Destacadas --><\/p>\n<h6><strong>Pobres humanos<\/strong> |  \t\t\t\t\t\t\tPara Kaos en la Red |  \t\t\t\t\t19-8-2010 a las  11:06<\/h6>\n<p><strong>TRAS LOS MUROS  QUE ENCIERRAN A LA BESTIA: REFLEXIONES  SOBRE LA PRISI\u00d3N <\/strong><\/p>\n<p style=\"text-align: justify;\">No  s\u00e9\u00a0     como empezar a  escribir. Llevo un mes pasando consulta en  prisi\u00f3n y saber que se acaba  me hace sentir una mezcolanza de  sentimientos extra\u00f1a. Se me forma  un nudo en la garganta mientras  escribo. La pena que me presiona los  ojos y se me anuda en la nuez se  mezcla con la impotencia y la rabia.  Antes pod\u00eda imaginarlo: ahora lo  he vivido, lo he visto por mi mismo.  La miseria humana, hecha  instituci\u00f3n. Supongo que tiene que ver con  que la experiencia ha  apelado a lo m\u00e1s profundo de mi ser, a lo que  me empe\u00f1o en llamar  \u201chumanidad\u201d, por profesar la fe de los que  piensan que esto es un  principio com\u00fan a toda la raza humana. Aunque  despu\u00e9s de esto, quiz\u00e1s  sea el peor momento para seguir crey\u00e9ndolo.  Humanidad que surge de  contemplar el sufrimiento ajeno, humanidad que  me atormenta al saber  que poco puedo hacer para aliviarlo. Humanidad  que se pregunta cuantos  m\u00e1s tienen que ser enterrados en vida en estas  tumbas de hormig\u00f3n  armado para que esta sociedad en descomposici\u00f3n  comprenda que la  barbarie no es cosa del pasado, sino que est\u00e1 muy  presente, pagada por  nuestros impuestos. Como dicen los Koma: \u201c2 a\u00f1os,  4 meses y un d\u00eda,  justicia: castigo\u201d. La venganza que anta\u00f1o se  cebaba en pat\u00edbulos a la  vista del pueblo ahora se condensa entre cuatro  paredes, materializada  en la opacidad de la instituci\u00f3n \u201cdemocr\u00e1tica\u201d.  Pero no somos m\u00e1s  \u201ccivilizados\u201d, sigue siendo venganza, refinada,  pero irracional, al fin  y al cabo.<!--more--><\/p>\n<p style=\"text-align: justify;\">Profesionalmente la c\u00e1rcel  ha resultado ser un  lugar interesante. Casi que no puedes aburrirte,  casi que nunca se  hace rutinario. Un individuo privado de libertad en  un antro como es un  centro penitenciario pierde mucho m\u00e1s que esta.  Se considera, ya de  por s\u00ed, dentro de \u201cun grupo de riesgo\u201d como  dicen los epidemi\u00f3logos.  Riesgo de padecer tuberculosis, VIH, hepatitis,  micosis m\u00faltiples,  problemas gastrointestinales variados, c\u00e1nceres,  toxicoman\u00edas,  traumatismos, p\u00e9rdida de dentadura, defectos sensoriales,   envejecimiento prematuro. Riesgo de morir colgado de una soga, riesgo   de morir por sobredosis, riesgo de morir desangrado, riesgo de marcarte   de por vida, riesgo de perder la cabeza. Riesgo de no volver a ver a   los tuyos, riesgo de perder todo lo que eras. Riesgo de acostumbrarte  a  vivir sin vivir, y nunca m\u00e1s poder sentirte realmente vivo. No. No   puedes aburrirte. Falta tiempo, falta tiempo para pensar en como hacer   saltar por los aires esta mierda de lugar.<\/p>\n<p style=\"text-align: justify;\">He visto un chico de  20 a\u00f1os  a punto de un coma cetoacid\u00f3sico pretendido, arrollado por  quien sabe  qu\u00e9 angustias personales. He visto gente drogada, colgada de  benzodiacepinas,  recetadas por los propios m\u00e9dicos, en un intento de  \u201cquitarse condena\u201d,  de \u201crobarle algunos d\u00edas al juez\u201d. He visto  personas enganchadas  a la metadona, que nunca hab\u00edan sido toxic\u00f3manas,  solo porque el abogado  de oficio les dijo que estar en el PMM (Programa  de Mantenimiento de  Metadona) reducir\u00eda la pena impuesta por el  letrado. He visto multitud  de roturas del 5\u00ba metacarpo, provocadas por  un ataque de ira, un momento  de lucidez inminente que te destroza por  un segundo la cabeza, y te  hace golpear la pared del chabolo, la puerta  de tu celda. Aqu\u00ed, los  m\u00e9dicos lo llaman desfogar. A m\u00ed me parece que a  trav\u00e9s del dolor  el preso se libera de la alienaci\u00f3n que todo el mundo  sufre en estos  centros de exterminio, y toma posesi\u00f3n de lo \u00fanico que  el estado no  les ha robado: su propio cuerpo. Ese que se cortan para  hacer casi cualquier  reivindicaci\u00f3n, \u201cchin\u00e1ndose\u201d las venas, para que  un m\u00e9dico llegue  y cosa, y la herida cierre, pero quede la cicatriz.  Brazos llenos de  cortes. Llenos de feas cicatrices, que recuerdan.  Recuerdan el trankimaz\u00edn  que no les dieron, el permiso que le  denegaron, la conducci\u00f3n que no  pidieron, la instancia que nunca lleg\u00f3 a  su destino. Cicatrices que  nunca curar\u00e1n, por muy cerradas que est\u00e9n.  Cicatrices que confirman  que ya no eres persona, sino preso.<\/p>\n<p style=\"text-align: justify;\">&lt;&lt;Mierda. Se me derraman  las l\u00e1grimas. Maldito mundo enfermo&gt;&gt;<\/p>\n<p style=\"text-align: justify;\">He  visto una radiograf\u00eda del  tracto digestivo de Mohamed, en la que se  mostraba una pila. Un intento  desesperado de presionar al \u201cse\u00f1or  director\u201d, para que le pida  el traslado a la c\u00e1rcel de Ceuta, donde sus  familiares pueden ir a  verlo. He visto a un funcionario hacer esperar a  una madre que viene  de tener un vis a vis con su hijo tras una puerta,  a cinco metros de  la entrada de la prisi\u00f3n, simplemente por \u201cdarle una  lecci\u00f3n\u201d.  El funcionario alega socarr\u00f3n que la mujer \u201cllama mucho al  timbre\u201d  (el que hay delante de las puertas, para avisar al funcionario  de que  alguien espera que las abra, una vez este se ha cercionado de  que no  es un intento de fuga) y que \u201cse va a quedar ah\u00ed un rato para  que  aprenda\u201d. Capullo.<\/p>\n<p style=\"text-align: justify;\">Puertas que solo se abren si  la anterior  est\u00e1\u00a0     cerrada. Puertas inquebrantables. De metal y  cristal de  seguridad, de seguridad, de seguridad, de seguridad. El carcelero  se  mete en la garita, fabricada con estos mismos materiales y con el  color  distintivo de las zonas de funcionariado: el amarillo. Para comunicarte   con \u00e9l, una de las zonas de cristal de unos 5&#215;10 cm situada entre dos   barrotes met\u00e1licos transversales est\u00e1 separada en dos ojales, uno  de  ellos corredizo. Para hablar, tienes que doblarte, pues la escotilla   est\u00e1 a la altura de la cintura. Postrado, as\u00ed tienes que hablar con  el  representante de la instituci\u00f3n. Como la configuraci\u00f3n de una ciudad,   sus calles, parques, plazas reflejan el car\u00e1cter y cultura de una  poblaci\u00f3n,  la configuraci\u00f3n carcelaria refleja el sometimiento del  preso a la  instituci\u00f3n, y el desprecio que la sociedad le procura.<\/p>\n<p style=\"text-align: justify;\">La  c\u00e1rcel ofrece una imagen  dura, pero justa. El olor a detritus de  alcantarilla que se desprende  ya al llegar al aparcamiento parece  anunciar sutilmente, o no tan sutilmente  (no hay que estar muy fino  para percibirlo), lo que realmente se esconde  en el interior. Pasados  unos d\u00edas all\u00ed dentro a poco que rasques descubres  lo que se oculta  tras esa asquerosa fachada (los cristales de las plantas  superiores no  pueden limpiarse debido a que no hay ventanas que se puedan  abrir, ni  mecanismo que se le parezca, as\u00ed que se muestran llenos de  la suciedad  acumulada durante largos a\u00f1os). Las plantas e incluso la  fuente  situadas en el patio distribuidor y en los patios de algunos  m\u00f3dulos  hacen incluso amable la visi\u00f3n del recinto. Por el contrario,  las caras  de los internos, sus bocas desdentadas, sus arrugas prematuras,  sus  brazos chinados y sus tatuajes \u201ctalegueros\u201d desmienten las primeras   impresiones. Claro que cegados por los prejuicios seguramente pocos   visitantes accidentales ser\u00e1n capaces de apreciar esto, sin tomarlo   como una curiosidad m\u00e1s de ese complejo y extra\u00f1o mundo aparte que  es  la c\u00e1rcel.<\/p>\n<p style=\"text-align: justify;\">Al volver de su primer permiso  un interno, uno  de los ordenanzas (presos que curran en determinados  destinos:  lavander\u00eda, cocina, limpieza&#8230;) de enfermer\u00eda, con los  que he tenido  la suerte de relacionarme bastante, me comenta: \u201cno  veah como ha  cambiao la calle, <em>vieo<\/em>\u201d. Otro m\u00e1s de los tantos  que pierden su  juventud en este centro de exterminio meticulosamente  calculado por la  mente humana. Elaborado tras la imposici\u00f3n de la convenci\u00f3n:  tiempo =  trabajo = dinero, delito ? p\u00e9rdida de dinero, por la que  se conmuta un  delito \u201ccontra la sociedad\u201d (m\u00e1s bien, contra la  sociedad que nos  imponen) por un periodo de tiempo que se pagar\u00e1 con  la p\u00e9rdida de  libertad. La idea m\u00e1s absurda y perfectamente implantada  en la mente de  la gente ideada por la maquinaria capitalista, en su  af\u00e1n por reducir  los interminables matices de la vida humana al patr\u00f3n  oro. Es por esto  que el rico se pasea por la prisi\u00f3n, y el pobre \u201cpaga  a pulso\u201d  (expresi\u00f3n carcelaria para referirse a los a\u00f1os de pena  cumplidos sin  salir a la calle, sin permisos, 3er grado ni libertad  condicional, algo  bastante com\u00fan por que estos privilegios pueden anularse  por muchos  a\u00f1os solo por un parte disciplinario, que te pueden poner  por casi  todo) largos a\u00f1os de condena. Por eso, entre otras cosas,  \u00be de la  poblaci\u00f3n carcelaria no supera la renta b\u00e1sica (datos del  ministerio  del interior, de hace un par de a\u00f1os. Acabo de entrar en  la web y la  han reformado. La b\u00fasqueda de estad\u00edsticas por renta ya  no esta. Estado  corrupto. Putos pol\u00edticos).<\/p>\n<p style=\"text-align: justify;\">Hoy me ocurri\u00f3\u00a0     un  ilustrativo  episodio. Un interno se queja de que se le hincha la mano.  Dos d\u00edas  antes hab\u00eda aparecido por urgencia en el m\u00f3dulo de enfermer\u00eda,  colocado  de \u201cbenzo\u201d (miosis leve e hiporreflexia a los est\u00edmulos  luminosos  directos y hablando como si tuviese frenillo, sin pronunciar  bien la  R, atontaillo), con la mano derecha hinchada y dolor a nivel  del 5\u00ba  metacarpiano (pu\u00f1etazo a la puerta). Se le hizo una radiograf\u00eda y   no hay rotura, as\u00ed que se le dieron antiinflamatorios y se le  entablill\u00f3  con una f\u00e9rula de Prim (de estas acolchadas por un lado y de  aluminio  por a otra, prohibida en la prisi\u00f3n, por cierto, como casi  todo \u2013  seguridad \u2013 aunque a los m\u00e9dicos les importe un carajo). Ahora,  mientras  pasamos consulta en su m\u00f3dulo (m\u00f3dulo 5) aparece con la mano  hinchada,  y amenaza con denunciar al m\u00e9dico, porque no quiere tratarlo  en el  momento (el protocolo que este suele seguir es que los internos  que  no se apuntan a las consultas semanales del m\u00f3dulo son atendidos al   final, cuando se terminan los apuntados. Esto permite arreglar solo   cosas puntuales, puesto que no se dispone de la historia cl\u00ednica del   paciente en su m\u00f3dulo, ya que est\u00e1 en enfermer\u00eda por no haberse inscrito   con antelaci\u00f3n \u2013\u00a0      o porque al funcionario no le ha parecido   inscribirlo, o se le ha olvidado&#8230; -). El m\u00e9dico le ofrece tratarlo  al  final, pero el preso insiste en que va a denunciarlo y le pide el   nombre completo al m\u00e9dico. Este le dice que tiene derecho a no  dec\u00edrselo,  pero le da su n\u00famero de identificaci\u00f3n penitenciaria,  suficiente para  ponerle la denuncia. El preso se va. De vuelta al  m\u00f3dulo de enfermer\u00eda  el m\u00e9dico me comenta que las cosas en el m\u00f3dulo 5  est\u00e1n revueltas  (parece que algunos internos se est\u00e1n organizando&#8230; y  se han encontrado  varios \u201cpinchos\u201d) y que es mejor no entrar al trapo,  porque entre  otras cosas, con el aluminio de las f\u00e9rulas los colegas se  hacen armas.  Ya en enfermer\u00eda, estando en la consulta, aparece el  funcionario del  m\u00f3dulo 5. Le dice al m\u00e9dico \u201cten\u00eda que comentar&#8230;  sabes que el  interno del m\u00f3dulo te ha puesto una denuncia&#8230;\u201d. El  m\u00e9dico le responde  \u201cs\u00ed, s\u00ed, que haga lo que quiera, est\u00e1 en su  derecho\u201d. El funcionario  replica \u201cno, era por si quer\u00edas que le pusiese  un parte o algo&#8230;\u201d.  El m\u00e9dico, distra\u00eddo escribiendo una historia  cl\u00ednica, le hace gestos  con la mano, como para que se vaya. Muy justo  todo. \u00bfQui\u00e9n dijo abuso?<\/p>\n<p style=\"text-align: justify;\">Como cuando llaman del m\u00f3dulo  de  aislamiento: \u201cque se han peleado dos internos\u201d. La m\u00e9dica va  y al final  son cuatro los lesionados. En el m\u00f3dulo de aislamiento,  como su nombre  indica, est\u00e1n los presos en r\u00e9gimen de 1er grado (viven  en el m\u00f3dulo  en celdas de aislamiento, con r\u00e9gimen de visitas y patio  especiales) y  los sancionados, que pueden estarlo por varios motivos  (art. 108 del  Reglamento Penitenciario del 96) te\u00f3ricamente hasta 14  d\u00edas como  m\u00e1ximo, tambi\u00e9n solos en una celda de aislamiento. \u00bfC\u00f3mo  se pelean  cuatro t\u00edos sancionados en aislamiento si salen solos al  patio y el  resto del d\u00eda lo pasan en celdas cuyas puertas son de 5  cm de hierro  forjado? \u00bfMagia? No, instituciones penitenciarias. Seguro  que los  alrededor de 8 funcionarios que est\u00e1n en el m\u00f3dulo para\u00a0       vigilar a  unos 20 presos como m\u00e1ximo, con las medidas de seguridad  m\u00e1s punteras y  c\u00e1maras hasta en la sopa, no tienen nada que ver. Curioso  comentar que  en el m\u00f3dulo de aislamiento, una verdadera ratonera de  cemento, el  suelo es antideslizante. Cuestiones de seguridad, no vaya  a ser que el  funcionario se resbale con los zapatos al \u201ctener que\u201d  reducir a un  salvaje presidiario.<\/p>\n<p style=\"text-align: justify;\">He visto un m\u00f3dulo completo,   albergando de 120 a 140 presos (el m\u00f3dulo 12), completamente lleno  de  personas con enfermedad mental. Ilegal, completamente ilegal. Una   persona con una enfermedad mental no deber\u00eda estar en prisi\u00f3n, y as\u00ed  lo  establece la ley. Pero aqu\u00ed las ilegalidades no importan a nadie,  y  menos cuando se justifican socialmente al formular la pregunta \u201c\u00bfy  si  no, que hacemos, lo dejamos libre para que vuelva\u00a0      a agredir  o a  matar a alguien?\u201d<\/p>\n<p style=\"text-align: justify;\">En la c\u00e1rcel todo funciona  con  trapicheos. Entre los presos s\u00ed, pero tambi\u00e9n en la administraci\u00f3n.  Un  papel, una instancia, una petici\u00f3n de traslado, una petici\u00f3n del  art.  196 (excarcelaci\u00f3n por motivos m\u00e9dicos) puede tardar en tramitarse   media hora, varias horas, o tres meses. Todo depende\u00a0      de a qui\u00e9n   conozcas, quien te haga un favor, y qui\u00e9n te tiene man\u00eda. A veces  estas  \u201ccosillas\u201d se traspapelan, ya se sabe, y puede que por casualidad   acaben cayendo a la m\u00e1quina que tritura los documentos inservibles  en  alg\u00fan despacho. Cosas que pasan.<\/p>\n<p style=\"text-align: justify;\">Podr\u00eda seguir contando tantas  y tantas paradojas de la instituci\u00f3n de justicia y <em>reinserci\u00f3n<\/em> (<em>reinserci\u00f3n<\/em> penal: entras y te vas, y vuelves a entrar, y te  vas y vuelves, y as\u00ed  hasta que te mueres \u2013 media de reingresos de  un 60 % seg\u00fan datos del  ministerio del interior en 2008-) pero no quiero  acabar este escrito  sin mencionar la tragedia que queda fuera. La de  las familias, que  pagan condena como el presidiario. Esta ma\u00f1ana, en  la entrada, antes de  que comprueben que hay una orden que me permite  entrar hasta el d\u00eda x a  hacer pr\u00e1cticas de sanitario, etc. (como todos  y cada uno de los d\u00edas  durante un mes) me encontr\u00e9 a una madre que  ven\u00eda de Alicante, a un vis  a vis con su hijo. 15 a\u00f1os de condena.  Se coge un bus desde su tierra  que tarda unas 5 horas y pico. Llega  a la penitenciaria a eso de las 6 y  media de la ma\u00f1ana, y tiene el  vis a vis a las 11. A las 8 (y con  mucha suerte) le abren la puerta  de la prisi\u00f3n, y se resguarda del fr\u00edo  ma\u00f1anero. En la cafeter\u00eda,  no hay nadie que le atienda: se cerr\u00f3, no  era rentable. Demasiados  pocos clientes. Tristes m\u00e1quinas de  chocolatinas sustituyen el servicio.  Entr\u00e9, y all\u00ed qued\u00f3. Ahora le  quedan otros 500 kil\u00f3metros de vuelta  a casa, por estar hora y media  con su hijo. Muy humano todo, muy humano.<\/p>\n<p style=\"text-align: justify;\">Otro de los \u201cderechos\u201d  que los presos ven conculcados por el robo de su libertad.<\/p>\n<p style=\"text-align: justify;\">Un  funcionario, comenta al  m\u00e9dico: \u201ceste&#8230; este est\u00e1 pidiendo el pase\u201d  \u201cpuede que termine&#8230;  babeando\u201d. Se refer\u00eda a un preso agitado y  bastante agresivo, que  yo personalmente hab\u00eda tratado. Estuvo en  enfermer\u00eda. Hab\u00eda pasado  por tres chabolos (t\u00e9rmino taleguero para  celda) y en los tres hab\u00eda  acabado a ostias. No sab\u00edan donde ponerlo.  Babeando porque cuando ocurren  cosas as\u00ed, a veces el m\u00e9dico lo achaca a  trastorno psiqui\u00e1trico y  le enchufa un \u201caguacate\u201d (se refieren a un  Modecate, un antipsic\u00f3tico  depot \u2013 inyectable, de larga duraci\u00f3n:  varias semanas \u2013 que tiene  un efecto sedante muy fuerte, seguramente el  m\u00e1s fuerte de entre los  antipsic\u00f3ticos de este tipo).<\/p>\n<p style=\"text-align: justify;\">Un  muerto por sobredosis. D\u00edas  antes hab\u00eda estado en la consulta,  aquejado de una infecci\u00f3n de orina.  Esa noche se quej\u00f3 al funcionario  de que no pod\u00eda dormir (en los m\u00f3dulos,  el calor es insoportable. Los  presos con peculio \u2013 forma en que se  le llama a la cuenta bancaria de  un interno, por tener unas condiciones  especiales y que por narices es  del Banco Satan-der, por cierto \u2013  compran ventiladores, y a veces lo  sobrellevan. En todos los m\u00f3dulos  hay aire acondicionado, pero no se  pone, ya se sabe, por no contaminar  y de paso ahorrarse unas pelillas,  as\u00ed da pa&#8217;contratar m\u00e1s funcionarios  reinsertores) y dijo que tomar\u00eda  m\u00e1s medicaci\u00f3n (en la c\u00e1rcel el  consumo de ansiol\u00edticos  benzodiacep\u00ednicos es norma a la entrada \u2013  para superar el \u201ctrastorno de  adaptaci\u00f3n\u201d- y a menudo de toda la  estancia, por necesidad o no:  trankimaz\u00edn, lexat\u00edn, tranxilium, rivotril,  valium, sedotime, noctamid,  dormicum&#8230;). El compa\u00f1ero dice que a las  siete de la ma\u00f1ana le  escuch\u00f3 roncar: seguramente, escuch\u00f3 sus estertores  de muerte,  agonizando antes de fenecer. Cuando el m\u00e9dico, a eso de  las 8 de la  ma\u00f1ana, es llamado porque el individuo no se presenta a  recuento, el  preso est\u00e1 ya r\u00edgido, encogido en su catre, ardiendo.  El term\u00f3metro no  es capaz de medir la T\u00ba del cuerpo inerte, lo que  significa que  seguramente es de 43\u00ba o algo superior. Ya van trece este  a\u00f1o. Demasiado  calor, demasiado calor en el chabolo. Demasiada c\u00e1rcel.<\/p>\n<p style=\"text-align: justify;\">All\u00ed\u00a0      todos me han tratado  bien. Los m\u00e9dicos, los presos y casi todos  los funcionarios. Espero  imprimir este escrito y pod\u00e9rselo pasar a los  internos que he conocido.  Me han ense\u00f1ado mucho, y en alg\u00fan momento  hasta me han hecho dudar  de que sufrieran realmente con su condena, por  sus bromas, su compadreo  y su jovialidad. El ser humano es  maravilloso, capaz de adaptarse a  situaciones demenciales hasta tal  punto, que parece que casi no las  est\u00e1 padeciendo. Pero no es verdad.  Las padecen. Y sufren, y lloran,  y enferman y sienten. Y se muerden los  nudillos para no romperse el  5\u00ba metacarpiano. Y pierden la vida, como  el resto de los encerrados.  Se les escapa entre los barrotes. Se queda  esperando al otro lado de  esa puerta giratoria que yo puedo cruzar&#8230; y  ellos no. Una jodida puerta.  Solo una puerta. Y son disciplinados y  sus cabezas se adaptan a esta  disciplina mezcla de cuartel e instituto  de secundaria para no morir,  para no desconectar y acabar mal de la  sesera, como tantos otros en  este oscuro agujero. Y ocupan su cabeza  con cosas f\u00fatiles, pasajeras,  enfrascados en su trabajo como ordenanzas  o en partidas de p\u00f3ker\u00a0       apostando tabaco (todo un privilegio por  estar destinados donde est\u00e1n),  para no comerse demasiado la olla. Y se  afanan en mantener relaciones  externas, que bien saben, no podr\u00e1n durar  mucho. O s\u00ed. El ser humano  es maravilloso. Y seguir\u00e1n encerrados.  Ellos son los que el sistema,  la sociedad, califica como presos.  Asesinos, homicidas, fraticidas,  abusadores, ladrones, estafadores,  camellos&#8230; Etiquetas que ponen precio  a sus vidas, al <em>resto<\/em> de sus vidas. \u00bfDelincuentes? Habr\u00eda mucho  que divagar sobre este  concepto (que le pregunten a Foucault). Yo solo  dir\u00e9 lo que he podido  comprobar por mi mismo, como todo lo que he escrito  hasta ahora: son  personas. Podr\u00edan ser mi prima, mi hermano, mi padre,  mi t\u00eda. Podr\u00eda  ser yo. Podr\u00eda ser cualquiera de mis colegas de la  infancia. Podr\u00edan  ser el peor de mis enemigos. Ni mejores ni peores  que todos:  castigados. Atrapados. Enjaulados.<\/p>\n<p style=\"text-align: justify;\">Pero aprender\u00e9\u00a0     a hacer  dinamita&#8230; por lo pronto, ya me ense\u00f1aron la f\u00f3rmula de la p\u00f3lvora.  Todo se andar\u00e1 <em>(delirios de un joven anarquista).<\/em><\/p>\n<p><em>Veo pasar el tiempo,<br \/>\nQue arranca mi juventud,<br \/>\nJuventud asesinada,<br \/>\nDe hormig\u00f3n es mi ata\u00fad.<br \/>\nAta\u00fad que va en silencio,<br \/>\nNavegando en el olvido,<br \/>\nLleva dentro el tormento,<br \/>\nDe mis gritos no hay testigos.<\/em><\/p>\n<p><em>Tratado como una bestia,<br \/>\nPisoteada mi dignidad,<br \/>\nEn la celda de castigo,<br \/>\nMe golpea un animal,<br \/>\nGolpes que ya ni siento,<br \/>\nNo paro de temblar,<br \/>\nElectrodos rompen mi cuerpo,<br \/>\nMe acabo de orinar.<\/em><\/p>\n<p><em>Funcionario de prisiones,<br \/>\nLlaman hoy al carcelero,<br \/>\nPerro fiel que bien guardas,<br \/>\nLas llaves del infierno,<br \/>\nInfierno de los pobres,<br \/>\nPara\u00edso de los ricos,<br \/>\nEl dinero es lo que cuenta,<br \/>\nLo que menos el delito.<br \/>\n<\/em><\/p>\n<p><em><br \/>\nVivimos en un sistema,<br \/>\nAl que llaman civilizado,<br \/>\nQue condena sus errores,<br \/>\nEn jaulas para humanos.<br \/>\nY dicen esos dem\u00f3cratas,<br \/>\nDe coraz\u00f3n envenenado,<br \/>\nQue condenes el terrorismo,<br \/>\nPor los derechos humanos.<\/em><\/p>\n<p><em>Vemos pasar el tiempo,<br \/>\nQue arranca la juventud,<br \/>\nDe millones de presos,<br \/>\nMa\u00f1ana puedes ser tu.<\/em><\/p>\n<p><em>Vemos pasar el tiempo,<br \/>\nQue arranca la juventud,<br \/>\nHoy ha muerto otro lamento,<br \/>\nEn el silencio de este ata\u00fad.<\/em><\/p>\n<p><em>Funcionario de prisiones,<br \/>\nLlaman hoy al carcelero,<br \/>\nPerro fiel que bien guardas,<br \/>\nLas llaves del infierno,<br \/>\nInfierno de los pobres,<br \/>\nPara\u00edso de los ricos,<br \/>\nEl dinero es lo que cuenta,<br \/>\nLo que menos el delito.<\/em><\/p>\n<p>\u201cLos Gritos Del Silencio  II\u201d\u00a0      &#8211; <em>Los Muertos De Cristo<\/em><\/p>\n<p><em>P.d.- Quiz\u00e1s el texto deber\u00eda  ir ordenado de otra manera. Lo pongo tal y como me sali\u00f3.<\/em><\/p>\n<p>Contra toda forma de autoridad:<\/p>\n<p>Solidaridad, autogesti\u00f3n y  acci\u00f3n. Muerte al estado y viva la anarqu\u00eda.<\/p>\n<p>Salud. \u00a1Abajo los muros de las prisiones!<\/p>\n<p><em>Un  irreverente, en tierras andaluzas, madrugada del 13 de Agosto de 2010.<\/em><\/p>\n<div id=\"cuerpo\">\n<p style=\"text-align: justify;\"><em>&#8211;   Este texto ha sido modificado para su publicaci\u00f3n a 18 de agosto de   2010 para garantizar el anonimato del autor. Finalmente pudo imprimirse   y facilitarse a aquellos internos a los que se refiere el  \u00faltimo  p\u00e1rrafo del escrito. A algunos de ellos se les saltaron las  l\u00e1grimas al  leerlo. Est\u00e1 dedicado a ellos, y a todos  los que los apoy\u00e1is desde  fuera &#8211;<\/em><\/p>\n<\/div>\n","protected":false},"excerpt":{"rendered":"<p>La dram\u00e1tica realidad en la que viven los internos en las c\u00e1rceles espa\u00f1olas, contada por un estudiante de medicina, en pr\u00e1cticas durante mes en una de ellas. Terrible y sobrecogedor&#8230; Pobres humanos | Para Kaos en la Red | 19-8-2010 a las 11:06 TRAS LOS MUROS QUE ENCIERRAN A LA BESTIA: REFLEXIONES SOBRE LA PRISI\u00d3N [&hellip;]<\/p>\n","protected":false},"author":290,"featured_media":0,"comment_status":"closed","ping_status":"closed","sticky":false,"template":"","format":"standard","meta":{"footnotes":""},"categories":[18,57,198],"tags":[499,58],"class_list":["post-653","post","type-post","status-publish","format-standard","hentry","category-actualidad","category-derechos-humanos","category-presos","tag-derechos-humanos","tag-presos-politicos"],"_links":{"self":[{"href":"https:\/\/elpobrecitohablador.es\/wordpress\/wp-json\/wp\/v2\/posts\/653","targetHints":{"allow":["GET"]}}],"collection":[{"href":"https:\/\/elpobrecitohablador.es\/wordpress\/wp-json\/wp\/v2\/posts"}],"about":[{"href":"https:\/\/elpobrecitohablador.es\/wordpress\/wp-json\/wp\/v2\/types\/post"}],"author":[{"embeddable":true,"href":"https:\/\/elpobrecitohablador.es\/wordpress\/wp-json\/wp\/v2\/users\/290"}],"replies":[{"embeddable":true,"href":"https:\/\/elpobrecitohablador.es\/wordpress\/wp-json\/wp\/v2\/comments?post=653"}],"version-history":[{"count":2,"href":"https:\/\/elpobrecitohablador.es\/wordpress\/wp-json\/wp\/v2\/posts\/653\/revisions"}],"predecessor-version":[{"id":656,"href":"https:\/\/elpobrecitohablador.es\/wordpress\/wp-json\/wp\/v2\/posts\/653\/revisions\/656"}],"wp:attachment":[{"href":"https:\/\/elpobrecitohablador.es\/wordpress\/wp-json\/wp\/v2\/media?parent=653"}],"wp:term":[{"taxonomy":"category","embeddable":true,"href":"https:\/\/elpobrecitohablador.es\/wordpress\/wp-json\/wp\/v2\/categories?post=653"},{"taxonomy":"post_tag","embeddable":true,"href":"https:\/\/elpobrecitohablador.es\/wordpress\/wp-json\/wp\/v2\/tags?post=653"}],"curies":[{"name":"wp","href":"https:\/\/api.w.org\/{rel}","templated":true}]}}