{"id":6,"date":"2008-12-31T21:54:00","date_gmt":"2008-12-31T21:54:00","guid":{"rendered":"http:\/\/elpobrecitohablador.es\/wordpress\/?p=6"},"modified":"2010-05-22T18:12:05","modified_gmt":"2010-05-22T17:12:05","slug":"jamas-hamas-podra-ser-considerada-culpable-de-nada","status":"publish","type":"post","link":"https:\/\/elpobrecitohablador.es\/wordpress\/2008\/12\/31\/jamas-hamas-podra-ser-considerada-culpable-de-nada\/","title":{"rendered":"Jam\u00e1s Ham\u00e1s podr\u00e1 ser considerada culpable de nada"},"content":{"rendered":"<p>\u00ab<span id=\"SPELLING_ERROR_0\" class=\"blsp-spelling-error\"><span id=\"SPELLING_ERROR_0\" class=\"blsp-spelling-error\">Ham\u00e1s<\/span><\/span> y los dem\u00e1s grupos armados palestinos tambi\u00e9n son responsables de la escalada de violencia. Sus <span id=\"SPELLING_ERROR_1\" class=\"blsp-spelling-error\"><span id=\"SPELLING_ERROR_1\" class=\"blsp-spelling-corrected\">continuos<\/span><\/span> ataques indiscriminados contra ciudades y pueblos del sur de <span id=\"SPELLING_ERROR_2\" class=\"blsp-spelling-error\"><span id=\"SPELLING_ERROR_2\" class=\"blsp-spelling-error\">Israel<\/span><\/span> no pueden justificarse jam\u00e1s.\u00bb <span id=\"SPELLING_ERROR_3\" class=\"blsp-spelling-error\"><span id=\"SPELLING_ERROR_3\" class=\"blsp-spelling-error\">dixit<\/span><\/span> Amnist\u00eda Internacional?.<\/p>\n<p>\u00abEl sionismo de Amnist\u00eda Internacional?.<br \/>\n<span style=\"font-size: 100%;\">Se nos presentan como neutrales ante el conflicto, defensores de los derechos humanos, de las v\u00edctimas pero c\u00f3mo se les <span id=\"SPELLING_ERROR_4\" class=\"blsp-spelling-error\"><span id=\"SPELLING_ERROR_4\" class=\"blsp-spelling-corrected\">ve<\/span><\/span> el plumero&#8230;<\/span><br \/>\n<span style=\"font-size: 100%;\">Seg\u00fan ellos el pueblo de Gaza deber\u00eda dejarse masacrar sin defenderse.<\/span><br \/>\n<span style=\"font-size: 100%;\">Como son pacifistas a lo mejor les sugieren que hagan una sentada.<\/span><br \/>\n<span style=\"font-size: 100%;\">\u00a1Impresentables!<\/span>\u00bb<\/p>\n<p>Este comentario que me <span id=\"SPELLING_ERROR_5\" class=\"blsp-spelling-corrected\">env\u00eda<\/span> un buen amigo, me hace no dejar pasar este se\u00f1alado momento, fin del a\u00f1o 2008, el ocho infinito, como las infinitas penas del pueblo Palestino, \u00bfCuantas resoluciones han incumplido los Palestinos para merecer este castigo mayor que el de <span id=\"SPELLING_ERROR_6\" class=\"blsp-spelling-error\"><span id=\"SPELLING_ERROR_5\" class=\"blsp-spelling-error\">Sadam<\/span><\/span>, y cuantas cumplen los <span id=\"SPELLING_ERROR_7\" class=\"blsp-spelling-corrected\">Israel\u00edes<\/span>?, para <span id=\"SPELLING_ERROR_8\" class=\"blsp-spelling-corrected\">pon\u00e9rselos<\/span> <span id=\"SPELLING_ERROR_9\" class=\"blsp-spelling-corrected\">f\u00e1cil<\/span>, poco que contar.<\/p>\n<p>Mientras todo occidente se viste de <span id=\"SPELLING_ERROR_10\" class=\"blsp-spelling-error\"><span id=\"SPELLING_ERROR_6\" class=\"blsp-spelling-error\">fosforecescentes<\/span><\/span> luces de derroche y bacanales <span id=\"SPELLING_ERROR_11\" class=\"blsp-spelling-error\"><span id=\"SPELLING_ERROR_7\" class=\"blsp-spelling-error\">comistrajes<\/span><\/span>, la guerra, la miseria m\u00e1s atroz inventada por el hombre, aqu\u00ed en sentido <span id=\"SPELLING_ERROR_12\" class=\"blsp-spelling-error\"><span id=\"SPELLING_ERROR_8\" class=\"blsp-spelling-error\">reduccionista<\/span><\/span>, el macho de la simiesca humanidad, que se <span id=\"SPELLING_ERROR_13\" class=\"blsp-spelling-corrected\">auto proclama<\/span> m\u00e1s humana que los monos y resto de animales, permitiendo que mientras se celebra el nacimiento y muerte del Cristo <span id=\"SPELLING_ERROR_14\" class=\"blsp-spelling-error\"><span id=\"SPELLING_ERROR_9\" class=\"blsp-spelling-error\">Superman<\/span><\/span>, en la tierra que creo el mito que se hace carne y en la que los propios descendientes de los que <span id=\"SPELLING_ERROR_15\" class=\"blsp-spelling-corrected\">desarrollaron<\/span> el mito durante milenios no creen que el verbo se hiciera carne y a\u00fan lo esperan.<\/p>\n<p>Mientras inspirados en ese contrato de propiedad de La Tierra Prometida, aterrorizan, asesinan, matan, masacran, abusan, denigran, explotan, y cometen todas las <span id=\"SPELLING_ERROR_16\" class=\"blsp-spelling-corrected\">tropel\u00edas<\/span> imaginable en nombre del Dios que les Regalo Su tierra y ning\u00fan Tribunal mundano les va a hacer cumplir ninguna Ley fuera de las Divinas, divinas conciencias que permiten esto mientras chasquean las copas de <span id=\"SPELLING_ERROR_17\" class=\"blsp-spelling-corrected\">champ\u00e1n<\/span> y juegan al Golf en las mansiones blancas.<\/p>\n<p>Los que se pintan las manos de blanco una vez y siguen tan tranquilos con sus manos rojas de la sangre de inocentes en el resto del planeta, es que como en todo, hay clases y hay dos clases de terrorismo.<\/p>\n<p>El terrorismo cuando no lo ejercen unos oprimido en la lucha por su libertad y son los Estados Capitalistas, Sionistas, Fascistas (recordemos a donde <span id=\"SPELLING_ERROR_18\" class=\"blsp-spelling-corrected\">miraron<\/span> las potencias <span id=\"SPELLING_ERROR_19\" class=\"blsp-spelling-corrected\">democr\u00e1ticas<\/span> de Europa en el 39) no es terrorismo, pues no aterroriza a nadie(de los poderosos) solo a los pobres ni\u00f1os palestinos, al fin casi negros y por tanto inferiores, <span id=\"SPELLING_ERROR_20\" class=\"blsp-spelling-error\"><span id=\"SPELLING_ERROR_10\" class=\"blsp-spelling-error\">Israel<\/span><\/span> no aterroriza, solo es la  respuesta a unos cohetes <span id=\"SPELLING_ERROR_21\" class=\"blsp-spelling-corrected\">TERROR\u00cdFICOS<\/span>,  que el da\u00f1o en vidas han sido 4 <span id=\"SPELLING_ERROR_22\" class=\"blsp-spelling-corrected\">israel\u00edes<\/span> por 400 palestinos, pero los terroristas puros son los <span id=\"SPELLING_ERROR_23\" class=\"blsp-spelling-corrected\">\u00e1rabes<\/span>, los que tienen aterrorizados a la comunidad internacional con su empecinamiento en no ser exterminados, son los palestinos, los israelitas son unos SESUDOS barbudos, religiosos, muy bondadosos, <span id=\"SPELLING_ERROR_24\" class=\"blsp-spelling-error\"><span id=\"SPELLING_ERROR_11\" class=\"blsp-spelling-error\">abueletes<\/span><\/span> ortodoxos que solo quieren salvar a TODA LA <span id=\"SPELLING_ERROR_25\" class=\"blsp-spelling-error\"><span id=\"SPELLING_ERROR_12\" class=\"blsp-spelling-error\">HUMANIDA<\/span><\/span>D aunque sea <span id=\"SPELLING_ERROR_26\" class=\"blsp-spelling-corrected\">extermin\u00e1ndola<\/span> como un remedo de <span id=\"SPELLING_ERROR_27\" class=\"blsp-spelling-error\">venganza<\/span> del extermino <span id=\"SPELLING_ERROR_28\" class=\"blsp-spelling-error\"><span id=\"SPELLING_ERROR_13\" class=\"blsp-spelling-error\">NAZI<\/span><\/span>, pero al <span id=\"SPELLING_ERROR_29\" class=\"blsp-spelling-error\"><span id=\"SPELLING_ERROR_14\" class=\"blsp-spelling-error\">reves<\/span><\/span>, los corderos convertidos en los mas feroces guardianes de la ORTODOXIA, el orden Capitalista mundial y el Imperialismo <span id=\"SPELLING_ERROR_30\" class=\"blsp-spelling-error\"><span id=\"SPELLING_ERROR_15\" class=\"blsp-spelling-error\">YANKY<\/span><\/span>, por si acaso los <span id=\"SPELLING_ERROR_31\" class=\"blsp-spelling-corrected\">\u00e1rabes<\/span> o el resto de pueblos los quisieran exterminar, vamos la GUERRA PREVENTIVA, por si acaso.<\/p>\n<p>Termino para no terminar al unisono con la ultima uva de ira de este maldecido a\u00f1o que debemos entre todos\/as cambiar de base en el pr\u00f3ximo, si no queremos sufrir por activa o pasiva las locuras que los DUE\u00d1OS del mundo preparan para el pr\u00f3ximo y todos los a\u00f1os que puedan si los oprimidos\/as del mundo no les decimos basta.<\/p>\n<p>Revolucionemos todo lo que podamos, hagamos una gran mancha de revoluci\u00f3n que se extienda con el mayor de los virus conocidos, la conciencia no toma asiento y es expansiva, progresiva y no la paran  <span id=\"SPELLING_ERROR_32\" class=\"blsp-spelling-error\"><span id=\"SPELLING_ERROR_16\" class=\"blsp-spelling-error\">filos\u00f3fillos<\/span><\/span> del tres al cuarto por mucho prestigio, dinero, medios y por m\u00e1s que se lo crean, el mundo cambia y m\u00e1s que cambiar\u00e1, no se de que color ser\u00e1 pero desde luego <span id=\"SPELLING_ERROR_33\" class=\"blsp-spelling-error\"><span id=\"SPELLING_ERROR_17\" class=\"blsp-spelling-error\">blanco<\/span><\/span> cenizo, no,  <span id=\"SPELLING_ERROR_34\" class=\"blsp-spelling-error\"><span id=\"SPELLING_ERROR_18\" class=\"blsp-spelling-corrected\">jam\u00e1s<\/span><\/span> de los <span id=\"SPELLING_ERROR_35\" class=\"blsp-spelling-error\"><span id=\"SPELLING_ERROR_19\" class=\"blsp-spelling-error\">H\u00c1MASES<\/span><\/span> lo permitamos.<\/p>\n<p>Revolucionando conciencias.<\/p>\n<div class=\"blogger-post-footer\">\u00abNo creo que seamos parientes muy cercanos. Pero si usted es capaz de temblar de indignaci\u00f3n cada vez que en el mundo se comete una injusticia, somos compa\u00f1eros, que es lo m\u00e1s importante\u00bb (Ch\u00e9 Guevara)<\/div>\n","protected":false},"excerpt":{"rendered":"<p>\u00abHam\u00e1s y los dem\u00e1s grupos armados palestinos tambi\u00e9n son responsables de la escalada de violencia. Sus continuos ataques indiscriminados contra ciudades y pueblos del sur de Israel no pueden justificarse jam\u00e1s.\u00bb dixit Amnist\u00eda Internacional?. \u00abEl sionismo de Amnist\u00eda Internacional?. Se nos presentan como neutrales ante el conflicto, defensores de los derechos humanos, de las v\u00edctimas [&hellip;]<\/p>\n","protected":false},"author":290,"featured_media":0,"comment_status":"open","ping_status":"closed","sticky":false,"template":"","format":"standard","meta":{"footnotes":""},"categories":[18,139,88],"tags":[],"class_list":["post-6","post","type-post","status-publish","format-standard","hentry","category-actualidad","category-antisionismo","category-palestina"],"_links":{"self":[{"href":"https:\/\/elpobrecitohablador.es\/wordpress\/wp-json\/wp\/v2\/posts\/6","targetHints":{"allow":["GET"]}}],"collection":[{"href":"https:\/\/elpobrecitohablador.es\/wordpress\/wp-json\/wp\/v2\/posts"}],"about":[{"href":"https:\/\/elpobrecitohablador.es\/wordpress\/wp-json\/wp\/v2\/types\/post"}],"author":[{"embeddable":true,"href":"https:\/\/elpobrecitohablador.es\/wordpress\/wp-json\/wp\/v2\/users\/290"}],"replies":[{"embeddable":true,"href":"https:\/\/elpobrecitohablador.es\/wordpress\/wp-json\/wp\/v2\/comments?post=6"}],"version-history":[{"count":1,"href":"https:\/\/elpobrecitohablador.es\/wordpress\/wp-json\/wp\/v2\/posts\/6\/revisions"}],"predecessor-version":[{"id":474,"href":"https:\/\/elpobrecitohablador.es\/wordpress\/wp-json\/wp\/v2\/posts\/6\/revisions\/474"}],"wp:attachment":[{"href":"https:\/\/elpobrecitohablador.es\/wordpress\/wp-json\/wp\/v2\/media?parent=6"}],"wp:term":[{"taxonomy":"category","embeddable":true,"href":"https:\/\/elpobrecitohablador.es\/wordpress\/wp-json\/wp\/v2\/categories?post=6"},{"taxonomy":"post_tag","embeddable":true,"href":"https:\/\/elpobrecitohablador.es\/wordpress\/wp-json\/wp\/v2\/tags?post=6"}],"curies":[{"name":"wp","href":"https:\/\/api.w.org\/{rel}","templated":true}]}}