{"id":528,"date":"2010-06-05T01:30:12","date_gmt":"2010-06-05T00:30:12","guid":{"rendered":"http:\/\/elpobrecitohablador.es\/wordpress\/?p=528"},"modified":"2010-06-05T03:57:15","modified_gmt":"2010-06-05T02:57:15","slug":"reflexiones-ante-el-comunicado-conjunto-pcc-pcpc-prcc","status":"publish","type":"post","link":"https:\/\/elpobrecitohablador.es\/wordpress\/2010\/06\/05\/reflexiones-ante-el-comunicado-conjunto-pcc-pcpc-prcc\/","title":{"rendered":"Reflexiones ante el comunicado conjunto PCC-PCPC-PRCC"},"content":{"rendered":"<p style=\"text-align: justify;\"><a href=\"https:\/\/elpobrecitohablador.es\/wordpress\/wp-content\/uploads\/2010\/06\/pcc_pcpc_prcc1.jpg\" rel=\"lightbox[528]\"><img loading=\"lazy\" decoding=\"async\" class=\"alignright size-thumbnail wp-image-533\" style=\"margin: 10px;\" title=\"pcc_pcpc_prcc\" src=\"https:\/\/elpobrecitohablador.es\/wordpress\/wp-content\/uploads\/2010\/06\/pcc_pcpc_prcc1-150x150.jpg\" alt=\"\" width=\"150\" height=\"150\" srcset=\"https:\/\/elpobrecitohablador.es\/wordpress\/wp-content\/uploads\/2010\/06\/pcc_pcpc_prcc1-150x150.jpg 150w, https:\/\/elpobrecitohablador.es\/wordpress\/wp-content\/uploads\/2010\/06\/pcc_pcpc_prcc1-75x75.jpg 75w\" sizes=\"auto, (max-width: 150px) 100vw, 150px\" \/><\/a>Se\u00f1ores, se\u00f1oras comunistas, de (PCC),\u00a0 (PCPC) Y (PRCC), muy bien,  saludabil\u00edsimo, unidos somos m\u00e1s que unos testimoniales partidos, sindicatos,  organizaciones vecinales, etc. que publican alg\u00fan pasqu\u00edn de vez en cuando, con  algunas muy elaboradas webs, pero en los barrios, en los tajos y en\u00a0 las  calles, lo saben, lo sabemos, somos apenas unos trasnochados, recorridos por  odios intestinos entre las distintas opciones comunistas, atravesados por  envidias y protagonismos enfermizos, que han logrado desarticular toda rebeld\u00eda,  lucha en incluso toda expectativas de revitalizarlas.<\/p>\n<p style=\"text-align: justify;\">Solo con una honesta reflexi\u00f3n sobre las distintas trayectorias, con un  an\u00e1lisis de los aciertos y fallos cometidos en los \u00faltimos 30 a\u00f1os por las  distintas vanguardias de nuestro pueblo y el mayor de los esfuerzos por lograr  la coordinaci\u00f3n, la interrelaci\u00f3n y en definitiva acercarnos al <strong> <a href=\"http:\/\/www.kaosenlared.net\/noticia\/estado-espanol-necesidad-promover-creacion-frente-bloque-izquierdas\" target=\"_blank\">Frente o  Bloque de Izquierdas<\/a>, <\/strong> como de forma lucida expresaban en el \u00faltimo  Documento aprobado por unanimidad en el V Encuentro Estatal de Corriente Roja y  que, si somos sinceros con nosotros mismos, sabemos es el \u00fanico camino que nos  queda para no traicionarnos en los m\u00e1s profundo de nuestras convicciones.<!--more--><\/p>\n<p style=\"text-align: justify;\">No podemos seguir en la actual situaci\u00f3n de catalepsia pol\u00edtica, se demandan  acciones imaginativas, como por ejemplo convocar un congreso abierto a todo@s  los que se reclamen comunistas y colmar, con la mayor de las generosidades del  autentico comunista, las esperanzas de un pueblo que como repetidamente nos  dicen  en todos sus an\u00e1lisis, los capitalistas y sus \u00absocios listos\u00bb no se recatan en  \u00abaumentar su explotaci\u00f3n y la de los trabajadores y capas m\u00e1s pobres y  vulnerables del pueblo\u00bb.<\/p>\n<p style=\"text-align: justify;\">Camaradas dej\u00e9monos de machangadas, las poses, las fotitos y quien lleva la  pancarta o el meg\u00e1fono, revolucionemos de verdad nuestras vidas, las de los  despose\u00eddos y las de las vanguardias, que si de verdad lo quieren ser, no les  queda otro remedio que afrontar con la mayor de las humildades, el saberse  fracasados, menos que testimoniales y barridos de la vida pol\u00edtica del  archipi\u00e9lago, que sin hijos y sin vida se quedar\u00e1, si los que podemos, queremos  y sabemos no le ponemos remedio.<\/p>\n<p style=\"text-align: justify;\">Podemos crear frentes, ententes de PC\u00b4s\u00a0 o bloque \u00fanicos, unidos o  populares, pero de buenas intenciones esta el infierno empedrado  y si despu\u00e9s de 40 a\u00f1os de franquismo y m\u00e1s de 30 de franquismo con otro collar,\u00a0  no reconocemos los puntuales logros, como la hist\u00f3rica Canarias Libre o la  Federaci\u00f3n Obrera, y en la santa transici\u00f3n PCU, UPC y alguna otra,\u00a0 frente  al inmenso desierto de luchas, unidad, avances organizativos a nivel meramente  sindical o vecinal, con el mayor y m\u00e1s rotundo de los fracasos en levantar las  organizaciones de lucha y combate que necesita nuestro pueblo, no solo estamos  cieguitos, sino que no queremos ver.<\/p>\n<p style=\"text-align: justify;\">De que reconozcamos nuestras miserias, primeros de mayos de toa la vida  divididos por Canarias colonia o champ\u00fa, familias de realengo comunista,  Millares, Sagacetas y Dorestes, otras de raigambre obrera e incluso obreristas muy  bien intencionados, recorridas por los peores defectos de los enemigos que dicen  combatir, agarrense los machos y las hembras, la situaci\u00f3n no esta para  discusiones metaf\u00edsicas.<\/p>\n<p style=\"text-align: justify;\">Por comenzar por algo dial\u00e9ctico materialista, no podr\u00edan sacar un manifiesto  por la unidad de la Izquierda Canaria, al menos abrir el debate, si\u00a0 unidad  de la Izquierda soberanista kanaria o de solo la izquierda a secas, \u00bfes hoy un  paradigma de distinci\u00f3n entre revolucionarios o no, el reconocimiento de la  soberan\u00eda de los pueblos sojuzgados por la Carcelera Espa\u00f1a ca\u00f1\u00ed? <strong> <a href=\"..\/..\/..\/..\/..\/?p=440\" target=\"_blank\">\u00bfQue opinan de  los distintos llamamientos realizados para la unidad de los soberanistas de  izquierda del Estado?<\/a><\/strong> \u00bfCabria una unidad en Canarias y al menos una coordinaci\u00f3n  de lucha con el resto de pueblos oprimidos por un Estado de rapi\u00f1a al servicio  del Imperialismo y el Sionismo?<\/p>\n<p style=\"text-align: justify;\">Contamos con flamantes dirigentes en las islas, pero como vemos es en los  pueblos mas concienciados del estado, v\u00e9anse los tres catalanes en la Flotilla  de la Libertad, antes con Aminatou (con el propio Willy), los que cuentan con verdaderas  lideres, capaces de prestigiarse ante el pueblo y ser un verdadero referente  en las formas de lucha y consciencia necesarias para avanzar hacia al menos un  sistema m\u00ednimamente democr\u00e1tico, no digamos para acercarnos al Socialismo.<\/p>\n<p style=\"text-align: justify;\">No es ni siquiera la cantidad, es la calidad, de personas, de ideas, de  formas de trabajo respetuosas con la democracia participativa, en fin de ganas  de verdad de construir una sociedad de iguales, sin distingos, sin dirigentes ni  dirigidos, de aut\u00e9nticos lideres libres y sometidos al bien colectivo, \u00fanico  baremo para saber si de verdad es por el comunismo por el que luchamos o por el  simple cambio de mercado, de don nadie a don algo, o de chaqueta.<\/p>\n<p style=\"text-align: justify;\">Se me alargaron estos garabatos, pero no me gustar\u00eda acabar sin felicitar a  los organizadores de la presencia de <em>Willy Toledo en Las Palmas,<\/em> mayor  prueba de la soledad de los revolucionarios en el conjunto del Estado que la de  esta GRAN PERSONA, imposible de encontrar, por ello de seguro que sin existe  algo de seriedad, honestidad y repugnancia ante la ignominia en cada militante,  cuadro, dirigente y Secretario General que se precie de las Vanguardias Kanarias,  deber\u00edan redoblar esfuerzos, desga\u00f1itarse si fuera preciso para que al menos se  iniciasen contactos para\u00a0 alumbrar una alternativa como fue II o I\u00b2,  nueva o vieja, pero una pizquita de unidad al menos frente al hormig\u00f3n armado  que son PPSOE, f\u00edjense que los listillos aplican la pol\u00edtica de los fachosos y  ni siquiera estos les apoyan, la piedra filosofal de la pol\u00edtica, el  autoproclamada bueno gobierna aplicando la pol\u00edtica del m\u00e1s malo, mal\u00edsimo de la  peli, y el mal\u00edsimo en la pr\u00f3xima alternancia, aplica las reglas de los m\u00e1s  peores a\u00fan si cabe, pero se presenta como los salvadores de los lobos  disfrazados de corderos, que se dec\u00edan buen\u00edsimos y eran  malisssiiiiiimoooosssssssss, y as\u00ed ad eternum.<\/p>\n<p style=\"text-align: justify;\">Que la dobles no les mengue la raz\u00f3n, hay millones de razones para levantarse  contra este sistema Can\u00edbal y si ustedes no lo hacen con seriedad, de una vez,  el pueblo las ha de abrir, las puertas de locales y partidos na enteros y en  canal las venas del Imperialismo.<\/p>\n<p style=\"text-align: justify;\">Salud y Revoluci\u00f3n.<\/p>\n","protected":false},"excerpt":{"rendered":"<p>Se\u00f1ores, se\u00f1oras comunistas, de (PCC),\u00a0 (PCPC) Y (PRCC), muy bien, saludabil\u00edsimo, unidos somos m\u00e1s que unos testimoniales partidos, sindicatos, organizaciones vecinales, etc. que publican alg\u00fan pasqu\u00edn de vez en cuando, con algunas muy elaboradas webs, pero en los barrios, en los tajos y en\u00a0 las calles, lo saben, lo sabemos, somos apenas unos trasnochados, recorridos [&hellip;]<\/p>\n","protected":false},"author":290,"featured_media":0,"comment_status":"closed","ping_status":"closed","sticky":false,"template":"","format":"standard","meta":{"footnotes":""},"categories":[18,3,173,9],"tags":[487,103,80,488],"class_list":["post-528","post","type-post","status-publish","format-standard","hentry","category-actualidad","category-canarias","category-independentismo","category-marxismo","tag-canarias","tag-clase-obrera","tag-comunismo","tag-marxismo"],"_links":{"self":[{"href":"https:\/\/elpobrecitohablador.es\/wordpress\/wp-json\/wp\/v2\/posts\/528","targetHints":{"allow":["GET"]}}],"collection":[{"href":"https:\/\/elpobrecitohablador.es\/wordpress\/wp-json\/wp\/v2\/posts"}],"about":[{"href":"https:\/\/elpobrecitohablador.es\/wordpress\/wp-json\/wp\/v2\/types\/post"}],"author":[{"embeddable":true,"href":"https:\/\/elpobrecitohablador.es\/wordpress\/wp-json\/wp\/v2\/users\/290"}],"replies":[{"embeddable":true,"href":"https:\/\/elpobrecitohablador.es\/wordpress\/wp-json\/wp\/v2\/comments?post=528"}],"version-history":[{"count":3,"href":"https:\/\/elpobrecitohablador.es\/wordpress\/wp-json\/wp\/v2\/posts\/528\/revisions"}],"predecessor-version":[{"id":534,"href":"https:\/\/elpobrecitohablador.es\/wordpress\/wp-json\/wp\/v2\/posts\/528\/revisions\/534"}],"wp:attachment":[{"href":"https:\/\/elpobrecitohablador.es\/wordpress\/wp-json\/wp\/v2\/media?parent=528"}],"wp:term":[{"taxonomy":"category","embeddable":true,"href":"https:\/\/elpobrecitohablador.es\/wordpress\/wp-json\/wp\/v2\/categories?post=528"},{"taxonomy":"post_tag","embeddable":true,"href":"https:\/\/elpobrecitohablador.es\/wordpress\/wp-json\/wp\/v2\/tags?post=528"}],"curies":[{"name":"wp","href":"https:\/\/api.w.org\/{rel}","templated":true}]}}