{"id":436,"date":"2010-05-18T18:21:02","date_gmt":"2010-05-18T17:21:02","guid":{"rendered":"http:\/\/elpobrecitohablador.es\/wordpress\/?p=436"},"modified":"2010-05-22T19:27:17","modified_gmt":"2010-05-22T18:27:17","slug":"por-la-unidad-de-toda-la-izquierda-independentista","status":"publish","type":"post","link":"https:\/\/elpobrecitohablador.es\/wordpress\/2010\/05\/18\/por-la-unidad-de-toda-la-izquierda-independentista\/","title":{"rendered":"Por la unidad de toda la izquierda independentista."},"content":{"rendered":"<p style=\"text-align: justify;\"><a href=\"https:\/\/elpobrecitohablador.es\/wordpress\/wp-content\/uploads\/2010\/05\/estado_espanol_carcel.jpg\" rel=\"lightbox[436]\"><img loading=\"lazy\" decoding=\"async\" class=\"alignleft size-full wp-image-437\" style=\"margin: 10px;\" title=\"estado_espanol_carcel\" src=\"https:\/\/elpobrecitohablador.es\/wordpress\/wp-content\/uploads\/2010\/05\/estado_espanol_carcel.jpg\" alt=\"\" width=\"153\" height=\"196\" srcset=\"https:\/\/elpobrecitohablador.es\/wordpress\/wp-content\/uploads\/2010\/05\/estado_espanol_carcel.jpg 255w, https:\/\/elpobrecitohablador.es\/wordpress\/wp-content\/uploads\/2010\/05\/estado_espanol_carcel-234x300.jpg 234w, https:\/\/elpobrecitohablador.es\/wordpress\/wp-content\/uploads\/2010\/05\/estado_espanol_carcel-117x150.jpg 117w\" sizes=\"auto, (max-width: 153px) 100vw, 153px\" \/><\/a>En el estado  espa\u00f1ol somos muchos los que luchamos  por la independencia y el  socialismo  de nuestras respectivas naciones.  Somos una fuerza que tiene unos  objetivos  comunes pero que  desgraciadamente est\u00e1 muy poco cohesionada. Tan s\u00f3lo  nos reunimos para  actos puntuales y d\u00edas de la respectiva naci\u00f3n creando   v\u00ednculos, s\u00ed,  pero muy d\u00e9biles. Nos guste o no todos estamos luchando  en el mismo  marco, el del estado espa\u00f1ol, y las acciones que hacemos  en nuestras  respectivas naciones podr\u00edan ser mucho mas dolorosas para  el estado y  m\u00e1s fruct\u00edferas para nosotros si existiera una coordinaci\u00f3n  entre los  pueblos realmente efectiva.<\/p>\n<p style=\"text-align: justify;\">El estado teme  que  unamos nuestras luchas dentro de sus limites, v\u00e9ase el intento  de  ilegalizaci\u00f3n de la candidatura a las elecciones europeas de 2009  de  \u201cIniciativa Internacionalista \u2013 La Solidaridad entre los Pueblos\u201d.  Este  esp\u00edritu, pese a lo que muchos digan, nos ense\u00f1\u00f3 bastantes cosas  y  marc\u00f3 el rumbo que deb\u00edamos de tomar: la unidad de toda la izquierda   independentista de todo el estado.<\/p>\n<p style=\"text-align: justify;\">En estos   tiempos  de crisis del gran capital nuestra uni\u00f3n presentar\u00eda una  alternativa  m\u00e1s que razonable al sistema, asestar\u00eda golpes m\u00e1s  certeros, concretos  y dolorosos al aparato del estado. Pero si seguimos  como hasta ahora,  trabajando cada uno separado del resto, no hace si  no ser, en la mayor\u00eda   del estado, una fuerza f\u00e1cilmente reorientable a  otros objetivos  pol\u00edticos  por quienes s\u00ed tienen m\u00e1s actividad a nivel  estatal.<\/p>\n<p style=\"text-align: justify;\">\u00daltimamente  en la lucha  antifascista se han hecho grandes logros tanto medi\u00e1ticos,  como a nivel  de calle y concienciaci\u00f3n, sobretodo por la reciente  organizaci\u00f3n  a  nivel estatal que los diferentes colectivos antifascistas. Esta   articulaci\u00f3n  ha permitido organizar al mismo tiempo much\u00edsimas acciones  que de manera   local, en nuestro caso nacional, ser\u00edan an\u00e9cdotas sin  mayor inter\u00e9s  o relevancia excepto para aquellos que las realizaron o  est\u00e1n m\u00e1s  concienciados.<!--more--><\/p>\n<p style=\"text-align: justify;\">Debemos hacer   nuestra la m\u00e1xima de \u00abpiensa globalmente act\u00faa localmente\u00bb,  o mas bien <em>piensa  globalmente act\u00faa nacionalmente<\/em>, y para ello  necesitamos una  coordinaci\u00f3n estatal de todos colectivos, asociaciones,  partidos  pol\u00edticos y dem\u00e1s agentes que defiendan la independencia  y el  socialismo de los diferentes pueblos de este planeta. Unirnos a  nivel  estatal con el objetivo cierto y certero de terminar con este  estado  que nos niega la existencia, no para mantenerlo con posturas   pseudoizquierdistas o pseudonacionales. Es una tarea que, a priori,   parece complicada. Existen muchas visiones de c\u00f3mo esto debe de llevarse    a cabo, am\u00e9n de cierta urticaria a todo lo que se enmarque en el  \u00e1mbito  del estado espa\u00f1ol, pero si queremos asestar duros golpes en pro  de  la independencia y el socialismo no nos queda otra que atacar en  todo  el estado.<\/p>\n<p style=\"text-align: justify;\">Como se oy\u00f3\u00a0  en el mitin de  Iniciativa Internacionalista en el Anaitasuna: \u201cPor  la democracia, por  la justicia social&#8230; porque como dice la canci\u00f3n,  \u201cjuntos somos un  volc\u00e1n\u201d y no nos van a parar.\u201d \u201cPorque somos  bolcheviques, somos  socialistas, somos revolucionarios. Como dec\u00eda  Fidel, tenemos la  convicci\u00f3n de que el socialismo es superior al  capitalismo.\u201d<\/p>\n<p>\u00a1Proletarios y pueblos de  todo el mundo, un\u00edos!<\/p>\n<p>\u00a1Patria o  muerte! \u00a1Venceremos!<\/p>\n<p>www.kaosenlared.net\/noticia\/unidad-toda-izquierda-independentista<\/p>\n<p><a class=\"a2a_dd\" href=\"http:\/\/www.addtoany.com\/share_save?linkname=El%20Pobrecito%20Hablador&amp;linkurl=http%3A%2F%2FElPobrecitoHablador.Es\">Compartir<\/a><script type=\"text\/javascript\">\/\/ <![CDATA[\na2a_linkname=\"El Pobrecito Hablador\";a2a_linkurl=\"http:\/\/ElPobrecitoHablador.Es\";a2a_prioritize=[\"meneame\",\"myspace\",\"twitter\",\"facebook\",\"blogger_post\",\"buzzster\",\"gmail\",\"reddit\",\"windows_live_favorites\",\"delicious\",\"hotmail\",\"digg\"];\n\/\/ ]]><\/script><script src=\"http:\/\/static.addtoany.com\/menu\/locale\/es.js\" type=\"text\/javascript\"><\/script><script src=\"http:\/\/static.addtoany.com\/menu\/page.js\" type=\"text\/javascript\"><\/script><\/p>\n","protected":false},"excerpt":{"rendered":"<p>En el estado espa\u00f1ol somos muchos los que luchamos por la independencia y el socialismo de nuestras respectivas naciones. Somos una fuerza que tiene unos objetivos comunes pero que desgraciadamente est\u00e1 muy poco cohesionada. Tan s\u00f3lo nos reunimos para actos puntuales y d\u00edas de la respectiva naci\u00f3n creando v\u00ednculos, s\u00ed, pero muy d\u00e9biles. Nos guste [&hellip;]<\/p>\n","protected":false},"author":290,"featured_media":0,"comment_status":"closed","ping_status":"closed","sticky":false,"template":"","format":"standard","meta":{"footnotes":""},"categories":[17,173,9,22,19],"tags":[487,80,175,509,488,174],"class_list":["post-436","post","type-post","status-publish","format-standard","hentry","category-anticapitalismo","category-independentismo","category-marxismo","category-pensamiento-libre","category-prensa-alternativa","tag-canarias","tag-comunismo","tag-espana-carcel-de-pueblos","tag-independentismo","tag-marxismo","tag-patria"],"_links":{"self":[{"href":"https:\/\/elpobrecitohablador.es\/wordpress\/wp-json\/wp\/v2\/posts\/436","targetHints":{"allow":["GET"]}}],"collection":[{"href":"https:\/\/elpobrecitohablador.es\/wordpress\/wp-json\/wp\/v2\/posts"}],"about":[{"href":"https:\/\/elpobrecitohablador.es\/wordpress\/wp-json\/wp\/v2\/types\/post"}],"author":[{"embeddable":true,"href":"https:\/\/elpobrecitohablador.es\/wordpress\/wp-json\/wp\/v2\/users\/290"}],"replies":[{"embeddable":true,"href":"https:\/\/elpobrecitohablador.es\/wordpress\/wp-json\/wp\/v2\/comments?post=436"}],"version-history":[{"count":3,"href":"https:\/\/elpobrecitohablador.es\/wordpress\/wp-json\/wp\/v2\/posts\/436\/revisions"}],"predecessor-version":[{"id":486,"href":"https:\/\/elpobrecitohablador.es\/wordpress\/wp-json\/wp\/v2\/posts\/436\/revisions\/486"}],"wp:attachment":[{"href":"https:\/\/elpobrecitohablador.es\/wordpress\/wp-json\/wp\/v2\/media?parent=436"}],"wp:term":[{"taxonomy":"category","embeddable":true,"href":"https:\/\/elpobrecitohablador.es\/wordpress\/wp-json\/wp\/v2\/categories?post=436"},{"taxonomy":"post_tag","embeddable":true,"href":"https:\/\/elpobrecitohablador.es\/wordpress\/wp-json\/wp\/v2\/tags?post=436"}],"curies":[{"name":"wp","href":"https:\/\/api.w.org\/{rel}","templated":true}]}}