{"id":420,"date":"2010-04-28T20:07:44","date_gmt":"2010-04-28T19:07:44","guid":{"rendered":"http:\/\/elpobrecitohablador.es\/wordpress\/?p=420"},"modified":"2010-04-28T20:09:09","modified_gmt":"2010-04-28T19:09:09","slug":"los-trabajadores-de-rtve-rechazan-el-preacuerdo-alcanzado-entre-la-direccion-y-ccoo-ugt","status":"publish","type":"post","link":"https:\/\/elpobrecitohablador.es\/wordpress\/2010\/04\/28\/los-trabajadores-de-rtve-rechazan-el-preacuerdo-alcanzado-entre-la-direccion-y-ccoo-ugt\/","title":{"rendered":"Los trabajadores de RTVE rechazan el preacuerdo alcanzado entre la direcci\u00f3n y CCOO-UGT"},"content":{"rendered":"<h1 style=\"text-align: justify;\">\n<figure id=\"attachment_421\" aria-describedby=\"caption-attachment-421\" style=\"width: 131px\" class=\"wp-caption alignleft\"><a href=\"https:\/\/elpobrecitohablador.es\/wordpress\/wp-content\/uploads\/2010\/04\/ccoougthuelgadinero.jpg\" rel=\"lightbox[420]\"><img loading=\"lazy\" decoding=\"async\" class=\"size-full wp-image-421\" title=\"ccoougthuelgadinero\" src=\"https:\/\/elpobrecitohablador.es\/wordpress\/wp-content\/uploads\/2010\/04\/ccoougthuelgadinero.jpg\" alt=\"\" width=\"131\" height=\"128\" \/><\/a><figcaption id=\"caption-attachment-421\" class=\"wp-caption-text\">La Corporaci\u00f3n y sus ve corre y dile (CCOO-UGT) derrotados en asamblea. <\/figcaption><\/figure>\n<p>Los trabajadores de RTVE mantienen la huelga del viernes<\/h1>\n<p style=\"text-align: justify;\">\u201cLos que mejor viven con Zapatero se ponen de huelga. Como  se enteren los paraos se puede armar una mu gorda\u201d, comentarios como el del  entrecomillado los encontramos en distintos foros ante la noticia de la huelga  del viernes en RTVE, dando prueba del nivel de los foristas de la prensa ama\u00f1ada  que sufrimos.<\/p>\n<p style=\"text-align: justify;\">La noticia ocultada por la propia RTVE y el resto de cajas  hipnotizantes, no ser\u00eda m\u00e1s que otra de las tantas silenciadas, tergiversadas,  ama\u00f1adas y travestidas a las que estamos acostumbrados, si no fuese porque los  encargados de mantenernos en el estado de idiotez actual, las direcciones de  partidos autoproclamados de izquierda y sus poleas CCOO y UGT, son incapaces de  mantener la disciplina en sectores si no con m\u00e1s conciencia de clase, si con m\u00e1s  nivel cultural y al menos m\u00e1s herramientas para pensar, o mejor poder pensar en  una direcci\u00f3n opuesta a la de los socios listillos del capital.<\/p>\n<p style=\"text-align: justify;\">La importancia de este hecho viene dada precisamente por la  posici\u00f3n privilegiada de estos obreros al servicio de la ideolog\u00eda dominante,  nada m\u00e1s y nada menos que en la elaboraci\u00f3n y difusi\u00f3n de la superestructura  ideol\u00f3gica, dando sost\u00e9n a la mayor de las aberraciones posibles de cualquier  sociedad animal primitiva o avanzada, conocida o por conocer y de cualquier  galaxia, pues m\u00e1s que pese al <strong><em>stephen<\/em><\/strong> hawking\u00a0\u00a0, por interesados o  no que est\u00e9n en nosotros los extraterrestres, saben lo que entre nosotros hasta  los peces practican, ser solidarios por ego\u00edsmo, mientras entre los super  humanos le llaman \u00abego\u00edsmo\u00bb a ser los m\u00e1s zoquetes del mundo animal, acabar con  la propia especie y lo que se ponga por delante, ante el altar del Oro becerril  del Capital, en la peor de las tragicomedias, el harakiri planetario como  incienso funerario en los Parquets bols\u00edticos del m\u00e1s adictivo de los juegos, el  capitalismo cual Monopoly de monstruosos ni\u00f1os de 6 metros y sin mentes.<!--more--><\/p>\n<p style=\"text-align: justify;\">Al igual que p(r)o(f)etizaba  Bertolt Brecht, solo hay un defecto, los humanos podemos pensar y ah\u00ed si que te  cog\u00ed, hasta los adocenados obreros de la desinformaci\u00f3n, pueden pensar y estos  \u00abTochos\u00bb de sindicalistas sin enterarse, el resto de la izquierda sigue perdida  en disquisiciones decimon\u00f3nicas y salvo la honrosa tierra Euskaldun, en el resto  de pa\u00edses y nacionalidades del Estado, en los parias el \u00abpairo\u00bb es general, m\u00e1s  que paraos, quietos y arregostaos al machito de la vidurria, est\u00e1n los  dirigentes que con los suculentos sueldos de liberados y establishment del  sindicalismo amarillo,\u00a0 guardan bajo siete llaves la sacrosanta propiedad  privada de los medios de producci\u00f3n.<\/p>\n<p style=\"text-align: justify;\">Esperemos que los griegos tomen  mayor conciencia, forzados por la Europa raptada por los Capitales y se nieguen  a socializar los gastos, acabando por socializar el pa\u00eds entero como \u00fanica  salida ante la bancarrota y la posterior hambruna en la cuna de la civilizaci\u00f3n  occidental, quiz\u00e1s la vieja mecedora griega de paso a <em>un p\u00e9ndulo\u00a0  de Foucault, el Foucault de la \u00abInformaci\u00f3n es poder\u00bb, que cual guillotina corte  radicalmente con las fantas\u00edas de unos psic\u00f3patas dispuestos a inmolarse e  inmolarnos sin que ni animales, ni humanos, ni sus Dioses, pasados y\u00a0  futuros sepan porque. Lo dicho, puros psic\u00f3patas redomados.<\/em><\/p>\n<p style=\"text-align: justify;\"><em>Algunas pruebas de las psicopat\u00edas, las vemos en los 59  tics por segundo de Sorias y ni\u00f1as que no saben que los delitos de que se libr\u00f3  el susodicho preso de tics, fue por unos tiquis miquis legales, prescribieron  los delitos, pero haberlos los hubo, como le replicaban desde los 59 segundones  que\u00a0 por las islas reproducen los debatillos petit comit\u00e9 de la metr\u00f3poli,  a\u00fan as\u00ed siguen teniendo un defecto, podemos pensar y una vez hecho, el  pensamiento no toma asiento.<\/em><\/p>\n<p style=\"text-align: justify;\"><em>El debate es a muerte, entre las ideas de esclavitud y  destrucci\u00f3n planetaria y las de supervivencia, superaci\u00f3n y recuperaci\u00f3n de lo  genuinamente humano, vemos como los abertzales son lo suficientemente  concientes, dial\u00e9cticos y solidarios para aceptar ciertas reglas del juego que  hoy imponen los clanes Can\u00edbales del Estado,\u00a0 que las v\u00edas pol\u00edticas que  tanto quieren elevar a los altares excluyen el uso de la violencia, pues bien  acept\u00e9moslas, solo que h<\/em>abr\u00e1 que irse a la Gran Breta\u00f1a para decir cosas  como: \u201cel terrorismo es \u201cjustificable y eficaz\u201d en algunas circunstancias y que  as\u00ed lo demostr\u00f3 la lucha armada contra el \u2018apartheid\u2019 en Sud\u00e1frica, dichas por  El ministro de Exteriores brit\u00e1nico, pues como Marxista me niego dulcificar mi  lenguaje por el que dir\u00e1n, muy typical spanish, por otro lado.<\/p>\n<p style=\"text-align: justify;\">D\u00edas atr\u00e1s\u00a0 tuvimos la presencia enriquecedora del  Alcalde de Marinaleda, Jos\u00e9 Manuel, entre 150 asistentes desgrano la lucha, los  triunfos, las derrotas, los nuevos triunfos, el caerse y levantarse  continuamente que es la vida como tal, audiencia casi 100% universitaria,  cristianos de base y 4 un poco m\u00e1s politizados, no es casual, los que m\u00e1s cercan  est\u00e1n de las herramientas del conocimiento pueden dar ese salto de autentica  madurez, el desclasamiento ,\u00a0 ponerse al servicio de las clases oprimidas  como \u00fanica forma de salvar la propia existencia personal, en la b\u00fasqueda  constante de la coherencia consustancial al pensamiento.<\/p>\n<p style=\"text-align: justify;\">Contar con prensa alternativa, trabajadores de la  informaci\u00f3n honestos, formaci\u00f3n y debates populares, aut\u00e9nticos debates sin  exclusiones y m\u00e1s, pero con todo no veo otra tarea m\u00e1s acuciante que la  formaci\u00f3n\u00a0 de un sindicalismo de clase potente y un movimiento pol\u00edtico  radical, enteramente comprometido con los despose\u00eddos (Parad@s, jubilad@s, ni\u00f1@s,  discapacitad@s, enferm@s, emigrantes, indigentes) que\u00a0 permita la difusi\u00f3n,  debate y aportaci\u00f3n de alternativas al kaos can\u00edbal imperante. En caso de seguir  como vamos, Carrillo desde El Mundo nos convencer\u00e1 de las bondades de la 2\u00aa  reconciliaci\u00f3n nacional, la de las clases, y de que recemos con el \u00abVenidito\u00bb (a  dejar claro que los ni\u00f1os no deben acercarse a \u00e9l u otros muchos, m\u00e1s o igual de  repugnantes) por los ni\u00f1os de Somalia para que dejen de ser piratas.<\/p>\n<p style=\"text-align: justify;\">\u201cLo que no se puede explicar, no puede ser justo\u201d del  GALboso Felipito, por eso el capitalismo como esta explicadito por \u00e9l es  just\u00edsimo, y siendo la X justiciera de los GAL m\u00e1s entodavia, con Jon Anza,  vuelven a reventar las cloacas y hasta el GALzonasos de la nazional audiencia es  antifranquista de pedigr\u00ed, al igual que los artistosos que ejercieron de  palanganeros en la beatificada transici\u00f3n, del olvido y el perd\u00f3n de los  verdugos, vamos nuevamente reconciliaditos los patronos (que no viajan con sus  compa\u00f1\u00edas, ni pagan salarios) con los esclavos y parias del mundo, que en vez de  gritar un\u00e1monos, gritamos m\u00e1s caenas.<\/p>\n<p style=\"text-align: justify;\">Terminar con perogrulladas, pero es preciso asumirlo cuanto  antes, que los distintos sectores ideol\u00f3gicos debatan y creen instancias  unitarias como primer paso para levantar una alianza de clases despose\u00eddas, que  desde la calle, los tajos hasta la lucha pol\u00edtica presente un frente unido y  combativo frente a los liquidadores de cualquier rastro de vida, es ya no solo  necesario y urgente,\u00a0 si no imprescindible para salvar la personal\u00edsima  existencia, vamos el culo incluso de los propios verdugos y capitostes.<\/p>\n<p style=\"text-align: center;\"><strong>GENERAL SU TANQUE ES UN VEHICULO PODEROSO (Bertolt Brecht)<\/strong><\/p>\n<p style=\"text-align: center;\">General, tu tanque es m\u00e1s fuerte que un coche.<\/p>\n<p style=\"text-align: center;\">Arrasa un bosque y aplasta a cien hombres.<\/p>\n<p style=\"text-align: center;\">Pero tiene un defecto:<\/p>\n<p style=\"text-align: center;\">necesita un conductor.<\/p>\n<p style=\"text-align: center;\">General, tu bombardero es poderoso.<\/p>\n<p style=\"text-align: center;\">Vuela m\u00e1s r\u00e1pido que la tormenta y carga m\u00e1s que un elefante.<\/p>\n<p style=\"text-align: center;\">Pero tiene un defecto:<\/p>\n<p style=\"text-align: center;\">necesita un piloto.<\/p>\n<p style=\"text-align: center;\">General, el hombre es muy \u00fatil.<\/p>\n<p style=\"text-align: center;\">Puede volar y puede matar.<\/p>\n<p style=\"text-align: center;\">Pero tiene un defecto:<\/p>\n<p style=\"text-align: center;\">puede pensar.<\/p>\n","protected":false},"excerpt":{"rendered":"<p>Los trabajadores de RTVE mantienen la huelga del viernes \u201cLos que mejor viven con Zapatero se ponen de huelga. Como se enteren los paraos se puede armar una mu gorda\u201d, comentarios como el del entrecomillado los encontramos en distintos foros ante la noticia de la huelga del viernes en RTVE, dando prueba del nivel de [&hellip;]<\/p>\n","protected":false},"author":290,"featured_media":0,"comment_status":"open","ping_status":"closed","sticky":false,"template":"","format":"standard","meta":{"footnotes":""},"categories":[18,17],"tags":[494,149,155,504,151,154,153,100,150,152,156],"class_list":["post-420","post","type-post","status-publish","format-standard","hentry","category-actualidad","category-anticapitalismo","tag-anticapitalismo","tag-bertolt-brecht","tag-emigrantes","tag-falsimedia","tag-foucault","tag-jubilados","tag-marinaleda","tag-parados","tag-sindicalistas","tag-soria","tag-venidito-xvi"],"_links":{"self":[{"href":"https:\/\/elpobrecitohablador.es\/wordpress\/wp-json\/wp\/v2\/posts\/420","targetHints":{"allow":["GET"]}}],"collection":[{"href":"https:\/\/elpobrecitohablador.es\/wordpress\/wp-json\/wp\/v2\/posts"}],"about":[{"href":"https:\/\/elpobrecitohablador.es\/wordpress\/wp-json\/wp\/v2\/types\/post"}],"author":[{"embeddable":true,"href":"https:\/\/elpobrecitohablador.es\/wordpress\/wp-json\/wp\/v2\/users\/290"}],"replies":[{"embeddable":true,"href":"https:\/\/elpobrecitohablador.es\/wordpress\/wp-json\/wp\/v2\/comments?post=420"}],"version-history":[{"count":2,"href":"https:\/\/elpobrecitohablador.es\/wordpress\/wp-json\/wp\/v2\/posts\/420\/revisions"}],"predecessor-version":[{"id":423,"href":"https:\/\/elpobrecitohablador.es\/wordpress\/wp-json\/wp\/v2\/posts\/420\/revisions\/423"}],"wp:attachment":[{"href":"https:\/\/elpobrecitohablador.es\/wordpress\/wp-json\/wp\/v2\/media?parent=420"}],"wp:term":[{"taxonomy":"category","embeddable":true,"href":"https:\/\/elpobrecitohablador.es\/wordpress\/wp-json\/wp\/v2\/categories?post=420"},{"taxonomy":"post_tag","embeddable":true,"href":"https:\/\/elpobrecitohablador.es\/wordpress\/wp-json\/wp\/v2\/tags?post=420"}],"curies":[{"name":"wp","href":"https:\/\/api.w.org\/{rel}","templated":true}]}}