{"id":4,"date":"2008-12-01T14:10:00","date_gmt":"2008-12-01T14:10:00","guid":{"rendered":"http:\/\/elpobrecitohablador.es\/wordpress\/?p=4"},"modified":"2010-05-22T18:13:15","modified_gmt":"2010-05-22T17:13:15","slug":"permanente-la-paz-no-la-condena","status":"publish","type":"post","link":"https:\/\/elpobrecitohablador.es\/wordpress\/2008\/12\/01\/permanente-la-paz-no-la-condena\/","title":{"rendered":"Permanente La paz, no la condena."},"content":{"rendered":"<div style=\"text-align: center;\">\n<div style=\"text-align: left;\"><strong>S<\/strong>obre el terrorismo cae un tupido velo de \u00abAPOLOG\u00cdAS\u00bb \u00abHIP\u00d3CRITAS\u00bb y \u00abALIENACIONES\u00bb varias, como por ej. Libertad de expresi\u00f3n hasta&#8230;..llegar a la apolog\u00eda&#8230;..Antiterrorismo visceral hasta llegar a GUANT\u00c1NAMO&#8230;&#8230;&#8230;Los dirigentes&#8230;dirigen todo y hasta el m\u00e1s all\u00e1 ..pero cuando en el m\u00e1s ac\u00e1 se ponen las cosas feas son los primeros que abandonan el barco&#8230;dirigir si, pero hasta llegar a quien salvo primero, al simple ciudadano o al dirigente&#8230;no sea que los madrile\u00f1os se queden hu\u00e9rfanos; al igual que el Air Force One, Aguirre pens\u00f3 primero en los ciudadanos que en si misma como mandan los c\u00e1nones de lo pol\u00edticamente correcto, pues no es otra cosa que pensar en los dem\u00e1s el salvarse la primera para poder seguir ayudando a los dem\u00e1s.<\/div>\n<div style=\"text-align: left;\">Pero los sesudos analistas solo vieron los calcetines, tan monos ellos que cubr\u00edan los pies que hab\u00edan sido profanados con la sangre derramada por unos TERRORISTAS MONSTRUOSOS, y el Pepi\u00f1o haciendo su papel \u00abguerrista\u00bb pa contentar al populacho mientras los \u00abSOCIOSLISTOS\u00bb a los primeros que socorren son a los Banqueros, pobrecitos ellos que no disponen de liquidez.<\/p>\n<p>Pero los acontecimientos y las pocas ganas de currar hicieron que los d\u00edas transcurrieran y llegamos al debate sobre la expulsi\u00f3n de los alcalde que se niegan a condenar los asesinatos, leemos, o\u00edmos y vemos 24 horas al d\u00eda un solo un lado&#8230;.la ideolog\u00eda \u00abdominante\u00bb y los voceros de sus respectivos amos y los ecologistas..que se manifestaron contra la Y vasca..que reniegan de ETA&#8230;.hasta este preciso momento ni los nombraban y ahora aunque se desmarquen&#8230;siembran la duda&#8230;sac\u00e1ndolos en todos los mas media o \u00abmasmierda\u00bb dir\u00eda yo.<\/p>\n<p>Como al parecer en el Pa\u00eds Vasco los que no pueden expresarse son los no nacionalistas, que llevan escoltas y no tienen medios para hacerse o\u00edr, ni prensa, ni TV, ni Radios, ni todos los recursos del Estado, ni fuerzas policiales, ni militares y adem\u00e1s los asesinan&#8230;con todo eso a resulta que los concejales, alcaldes, etc. que quieren expulsar por no seguir el coro de lamentaciones hip\u00f3critas de muertes in\u00fatiles, vistas a 20 a\u00f1os vista, cuando ese pa\u00eds sea independiente, o federado o Carlista.<\/p>\n<\/div>\n<div style=\"text-align: left;\">Al igual que mirando hacia la Argelia pre-independiente, comprobamos que los m\u00e1s lucidos del progrer\u00edo al un\u00edsono con la burgues\u00eda perjuraban y perjuraban que Argelia era Francesa, recordemos el Cine y revisualicemos la Batalla de Argel, en fin debatamos, queremos debatir o silenciar al otro\/a, que no admito piense distinto a mi; si pero, si eso precisamente es lo que dicen los act\u00faales progres y burgueses de los innombrables, \u00a1eso es la Alienaci\u00f3n!, vieja definici\u00f3n marxista; que muchos olvidan, pero que la terca realidad se la pone delante continuamente, as\u00ed acaban admitiendo la Alienaci\u00f3n Parental, despu\u00e9s de m\u00e1s 30 a\u00f1os de vivirla, pero la Alineaci\u00f3n Social &#8230; \u00a1hasta ah\u00ed podr\u00edamos llegar! ni mentarla, pero para ligarlo con algo socialmente hoy popularizado, medalla incluida; miremos al profesor que defendiendo al m\u00e1s d\u00e9bil, lo hace insultando, increpando, alterando al alterado&#8230;\u00bfes que nadie sabe que ante el violento la actitud es de tranquilizarle, calmarle? hombre, mira que te estas buscando la ruina, que con eso no consigues nada, mira que el portero esta llamando por tel\u00e9fono y te metes en un problema, tranquilo hombre que todo se arregla, en fin todo menos provocar al que por lo que sea, drogas, alcohol, locura temporal o perpetua, o incluso malas ideas, est\u00e1 que se sale de sus casillas, vamos, no provocar m\u00e1s da\u00f1o que el que se quiere evitar, pues parece que el h\u00e9roe se olvido de salvarse a si mismo, al igual que hizo Aguirre.<\/p>\n<p>Sigamos debatiendo, \u00bfno podr\u00edamos partir de que a los abertzales les estamos arrinconando? ya lo dicen abiertamente, los bien pensantes afirman que son unos locos, desalmados, sin ideas,<\/p>\n<\/div>\n<div style=\"text-align: left;\">\u00bf como es que actuamos en el terreno en el que son fuertes, las armas y no en el terreno en el que son m\u00e1s d\u00e9biles, el de las ideas?.<\/div>\n<div style=\"text-align: left;\">No. Hasta ah\u00ed podiamos llegar. Les cerramos todo: prensa, locales, partidos, ayuntamientos \u00bf y que les dejamos? las armas. \u00bfNo ser\u00e1 esto tambi\u00e9n producto de la alienaci\u00f3n? \u00bfNo ser\u00e1 que a algunos les interesa dar la batalla con las armas y no con las ideas y por eso criminalizan las ideas, las no condenas, etc? responden: es que con el dinero p\u00fablico subvencionan a los terroristas, \u00bfpor que no lo demuestran? y si es as\u00ed, los condenan, en lugar de rebuscar leyes ad hoc para sacarlos de donde los pusier\u00f3n los ciudadanos.<\/div>\n<div style=\"text-align: left;\">No, los condenan y expulsan por no condenar un asesinato, que quien pudo evitar, el pap\u00e1 estado, que lo tiene TODO y que con un simple Refer\u00e9ndum de Autodeterminaci\u00f3n desarmar\u00eda todo el entramado violento.<\/div>\n<div style=\"text-align: left;\">Si lo pierden los nacionalistas los desarmar\u00edan con las ideas y si lo ganan, este es el problema, se evitar\u00edan m\u00e1s muertes in\u00fatiles, \u00bfpero no es eso consustancial al propio Capitalismo?. El desprecio por todo lo Humano, el Planeta, animales, bosques y todo lo que se oponga a su expansi\u00f3n ilimitada, bueno con el \u00fanico de acabar con el Globo.<\/div>\n<div style=\"text-align: left;\">Otro d\u00eda continuamos y si te atreves participa con tu verdad que entre todos\/as a lo mejor logramos vislumbrarla. Y por sentado no admito me censuren y no censurare a nadie, por mas que me insulte, me odie, amenace o maldiga mientras se exprese &#8230;. las palabras no matan &#8230; mata la falta de palabras.<\/div>\n<div style=\"text-align: left;\"><\/div>\n<div style=\"text-align: left;\">El Pobrecito Hablador<\/div>\n<\/div>\n<div class=\"blogger-post-footer\">\u00abNo creo que seamos parientes muy cercanos. Pero si usted es capaz de temblar de indignaci\u00f3n cada vez que en el mundo se comete una injusticia, somos compa\u00f1eros, que es lo m\u00e1s importante\u00bb (Ch\u00e9 Guevara)<\/div>\n","protected":false},"excerpt":{"rendered":"<p>Sobre el terrorismo cae un tupido velo de \u00abAPOLOG\u00cdAS\u00bb \u00abHIP\u00d3CRITAS\u00bb y \u00abALIENACIONES\u00bb varias, como por ej. Libertad de expresi\u00f3n hasta&#8230;..llegar a la apolog\u00eda&#8230;..Antiterrorismo visceral hasta llegar a GUANT\u00c1NAMO&#8230;&#8230;&#8230;Los dirigentes&#8230;dirigen todo y hasta el m\u00e1s all\u00e1 ..pero cuando en el m\u00e1s ac\u00e1 se ponen las cosas feas son los primeros que abandonan el barco&#8230;dirigir si, pero [&hellip;]<\/p>\n","protected":false},"author":290,"featured_media":0,"comment_status":"open","ping_status":"closed","sticky":false,"template":"","format":"standard","meta":{"footnotes":""},"categories":[18,23,14],"tags":[],"class_list":["post-4","post","type-post","status-publish","format-standard","hentry","category-actualidad","category-euskal-herria","category-terrorismo-de-estado"],"_links":{"self":[{"href":"https:\/\/elpobrecitohablador.es\/wordpress\/wp-json\/wp\/v2\/posts\/4","targetHints":{"allow":["GET"]}}],"collection":[{"href":"https:\/\/elpobrecitohablador.es\/wordpress\/wp-json\/wp\/v2\/posts"}],"about":[{"href":"https:\/\/elpobrecitohablador.es\/wordpress\/wp-json\/wp\/v2\/types\/post"}],"author":[{"embeddable":true,"href":"https:\/\/elpobrecitohablador.es\/wordpress\/wp-json\/wp\/v2\/users\/290"}],"replies":[{"embeddable":true,"href":"https:\/\/elpobrecitohablador.es\/wordpress\/wp-json\/wp\/v2\/comments?post=4"}],"version-history":[{"count":1,"href":"https:\/\/elpobrecitohablador.es\/wordpress\/wp-json\/wp\/v2\/posts\/4\/revisions"}],"predecessor-version":[{"id":476,"href":"https:\/\/elpobrecitohablador.es\/wordpress\/wp-json\/wp\/v2\/posts\/4\/revisions\/476"}],"wp:attachment":[{"href":"https:\/\/elpobrecitohablador.es\/wordpress\/wp-json\/wp\/v2\/media?parent=4"}],"wp:term":[{"taxonomy":"category","embeddable":true,"href":"https:\/\/elpobrecitohablador.es\/wordpress\/wp-json\/wp\/v2\/categories?post=4"},{"taxonomy":"post_tag","embeddable":true,"href":"https:\/\/elpobrecitohablador.es\/wordpress\/wp-json\/wp\/v2\/tags?post=4"}],"curies":[{"name":"wp","href":"https:\/\/api.w.org\/{rel}","templated":true}]}}