{"id":28,"date":"2009-02-07T00:36:00","date_gmt":"2009-02-07T00:36:00","guid":{"rendered":"http:\/\/elpobrecitohablador.es\/wordpress\/?p=28"},"modified":"2010-04-26T02:53:06","modified_gmt":"2010-04-26T01:53:06","slug":"d3m-presenta-al-supremo-el-informe-de-la-onu-mientras-el-psoe-intenta-quitarle-valor","status":"publish","type":"post","link":"https:\/\/elpobrecitohablador.es\/wordpress\/2009\/02\/07\/d3m-presenta-al-supremo-el-informe-de-la-onu-mientras-el-psoe-intenta-quitarle-valor\/","title":{"rendered":"D3M presenta al Supremo el informe de la ONU mientras el PSOE intenta quitarle valor."},"content":{"rendered":"<p style=\"text-align: justify;\">D3M: \u00abSer\u00e1n votos de oro\u00bb<br \/>\nEfectivamente los votos que consigan los abertzales valdr\u00e1n m\u00e1s que el oro, por eso Euskadi ser\u00e1 L I B R E man que les pese a los del PSE, P(uros) S(ocios) E(speculadores).<br \/>\nQue democratiquillos de pacotilla que tanto miedo le tienen a los votos cuando se defienden adem\u00e1s de con la fuerza de la raz\u00f3n tambi\u00e9n con la fuerza de la violencia revolucionaria, que es lo que m\u00e1s les duele, que los revolucionarios no admitamos su m\u00e1s preciado MONOPOLIO, el de la violencia institucional, \u00fanica raz\u00f3n de que se mantengan en el poder pese al olor a podrido que desprende ya el CAPITALISMO decimon\u00f3nico que a\u00fan soportamos.<\/p>\n<p style=\"text-align: justify;\">Aginako record\u00f3 que \u00abtenemos nuestros derechos civiles y pol\u00edticos para presentarnos vigentes, no estamos inhabilitados\u00bb, y censur\u00f3 que \u00ablo que est\u00e1 contaminado en el Estado espa\u00f1ol es la democracia\u00bb. Utilizando unas palabras del escritor uruguayo Eduardo Galeano, consider\u00f3 que lo que se ha implantado en el Estado espa\u00f1ol es una \u00abdemodura\u00bb, es decir, una aut\u00e9ntica dictadura camuflada bajo el aspecto de una democracia formal.<\/p>\n<p style=\"text-align: justify;\">Revolucionando conciencias.<\/p>\n<div class=\"blogger-post-footer\" style=\"text-align: justify;\">\u00abNo creo que seamos parientes muy cercanos. Pero si usted es capaz de temblar de indignaci\u00f3n cada vez que en el mundo se comete una injusticia, somos compa\u00f1eros, que es lo m\u00e1s importante\u00bb (Ch\u00e9 Guevara)<\/div>\n","protected":false},"excerpt":{"rendered":"<p>D3M: \u00abSer\u00e1n votos de oro\u00bb Efectivamente los votos que consigan los abertzales valdr\u00e1n m\u00e1s que el oro, por eso Euskadi ser\u00e1 L I B R E man que les pese a los del PSE, P(uros) S(ocios) E(speculadores). Que democratiquillos de pacotilla que tanto miedo le tienen a los votos cuando se defienden adem\u00e1s de con [&hellip;]<\/p>\n","protected":false},"author":290,"featured_media":0,"comment_status":"open","ping_status":"closed","sticky":false,"template":"","format":"standard","meta":{"footnotes":""},"categories":[57,23],"tags":[494,140,499,141,498],"class_list":["post-28","post","type-post","status-publish","format-standard","hentry","category-derechos-humanos","category-euskal-herria","tag-anticapitalismo","tag-demodura","tag-derechos-humanos","tag-dictaduras","tag-euskal-herria"],"_links":{"self":[{"href":"https:\/\/elpobrecitohablador.es\/wordpress\/wp-json\/wp\/v2\/posts\/28","targetHints":{"allow":["GET"]}}],"collection":[{"href":"https:\/\/elpobrecitohablador.es\/wordpress\/wp-json\/wp\/v2\/posts"}],"about":[{"href":"https:\/\/elpobrecitohablador.es\/wordpress\/wp-json\/wp\/v2\/types\/post"}],"author":[{"embeddable":true,"href":"https:\/\/elpobrecitohablador.es\/wordpress\/wp-json\/wp\/v2\/users\/290"}],"replies":[{"embeddable":true,"href":"https:\/\/elpobrecitohablador.es\/wordpress\/wp-json\/wp\/v2\/comments?post=28"}],"version-history":[{"count":2,"href":"https:\/\/elpobrecitohablador.es\/wordpress\/wp-json\/wp\/v2\/posts\/28\/revisions"}],"predecessor-version":[{"id":392,"href":"https:\/\/elpobrecitohablador.es\/wordpress\/wp-json\/wp\/v2\/posts\/28\/revisions\/392"}],"wp:attachment":[{"href":"https:\/\/elpobrecitohablador.es\/wordpress\/wp-json\/wp\/v2\/media?parent=28"}],"wp:term":[{"taxonomy":"category","embeddable":true,"href":"https:\/\/elpobrecitohablador.es\/wordpress\/wp-json\/wp\/v2\/categories?post=28"},{"taxonomy":"post_tag","embeddable":true,"href":"https:\/\/elpobrecitohablador.es\/wordpress\/wp-json\/wp\/v2\/tags?post=28"}],"curies":[{"name":"wp","href":"https:\/\/api.w.org\/{rel}","templated":true}]}}