{"id":22,"date":"2009-01-23T03:01:00","date_gmt":"2009-01-23T03:01:00","guid":{"rendered":"http:\/\/elpobrecitohablador.es\/wordpress\/?p=22"},"modified":"2010-05-22T18:00:55","modified_gmt":"2010-05-22T17:00:55","slug":"detencion-masiva-de-abertzales-pa-ganar-por-goleada-en-euskadi","status":"publish","type":"post","link":"https:\/\/elpobrecitohablador.es\/wordpress\/2009\/01\/23\/detencion-masiva-de-abertzales-pa-ganar-por-goleada-en-euskadi\/","title":{"rendered":"Detenci\u00f3n masiva de Abertzales pa Ganar por Goleada en Euskadi"},"content":{"rendered":"<div style=\"text-align: center;\"><img decoding=\"async\" src=\"http:\/\/www.demokrazia3m.com\/images\/banners\/sinatu-txiki.gif\" alt=\"\" \/><\/div>\n<p>Ya estaban tardando, las detenciones son preventivas como la guerra en Gaza, para buscar pruebas, en el programa de los <span style=\"color: #ff0000;\"><span id=\"SPELLING_ERROR_0\" class=\"blsp-spelling-error\">sociolistos<\/span><\/span> de <span id=\"SPELLING_ERROR_1\" class=\"blsp-spelling-error\">Euskadi<\/span> dado a conocer hoy, lo que no dec\u00edan era que aparte de en culturar  las conciencias en los colegios como medida para acabar con los nacionalistas revolucionarios, comenzaban tambi\u00e9n las detenciones de los revolucionarios vascos.<\/p>\n<p>Como siempre a oscuras, a las tres de la madrugada, para que la luz y los taqu\u00edgrafos lo tengan todo <span id=\"SPELLING_ERROR_2\" class=\"blsp-spelling-error\">clarito<\/span>, vamos que no se esconden para detener a los candidatos que despu\u00e9s <span id=\"SPELLING_ERROR_3\" class=\"blsp-spelling-error\">ilegalizaran<\/span>, son un <span id=\"SPELLING_ERROR_4\" class=\"blsp-spelling-error\">dichado<\/span> de claridad y transparencia.<\/p>\n<p>No tienen verg\u00fcenza, la valent\u00eda de apoyarse en el <span id=\"SPELLING_ERROR_5\" class=\"blsp-spelling-error\">Garzonazo<\/span> que esta al servicio del Zapatero  Remend\u00f3n de Banqueros para vencer en las pr\u00f3ximas elecciones es lo mas parecido a la Democracia <span id=\"SPELLING_ERROR_6\" class=\"blsp-spelling-error\">MonarcoBurguesita<\/span> que tanto defienden para ellos, que no para los de <span id=\"SPELLING_ERROR_7\" class=\"blsp-spelling-error\">HAMAS<\/span>, tambi\u00e9n terroristas, al igual que los <span id=\"SPELLING_ERROR_8\" class=\"blsp-spelling-error\">gudaris<\/span> <span id=\"SPELLING_ERROR_9\" class=\"blsp-spelling-error\">euskaldunes<\/span> y por eso <span id=\"SPELLING_ERROR_10\" class=\"blsp-spelling-error\">ilegalizaciones<\/span>, detenciones y lo que sea para sostenerla y no enmendarla.<\/p>\n<p><span id=\"SPELLING_ERROR_11\" class=\"blsp-spelling-error\">ANV<\/span> \u2014quien concurri\u00f3 con 123 listas, tras anular el Supremo y el Constitucional 133, el 52% de las presentadas\u2014. Los resultados de las elecciones del 27 de mayo situaron a <span id=\"SPELLING_ERROR_12\" class=\"blsp-spelling-error\">ANV<\/span> como <a class=\"textoenlace\" href=\"http:\/\/www.elmundo.es\/elmundo\/2007\/05\/27\/espana\/1180293691.html\" target=\"_blank\">la tercera fuerza<\/a> en n\u00famero de concejales en el Pa\u00eds Vasco. Con todo los ilegalizar\u00f3n y les pretenden echar de los ayuntamientos que <span id=\"SPELLING_ERROR_13\" class=\"blsp-spelling-error\">consiguier\u00f3n<\/span> y me viene a la memoria una editorial que en la <span id=\"SPELLING_ERROR_14\" class=\"blsp-spelling-error\">epoca<\/span> <span id=\"SPELLING_ERROR_15\" class=\"blsp-spelling-error\">FRANQUISTA<\/span> <span id=\"SPELLING_ERROR_16\" class=\"blsp-spelling-error\">recurrio<\/span> a las \u00faltimas letras (<span id=\"SPELLING_ERROR_17\" class=\"blsp-spelling-error\">XYZ<\/span>) del alfabeto porque ya no les quedaban letras con que <span id=\"SPELLING_ERROR_18\" class=\"blsp-spelling-error\">registarse<\/span>, a <span id=\"SPELLING_ERROR_19\" class=\"blsp-spelling-error\">EUSKALERRIA<\/span> le esta pasando lo mismo, \u00abson <span id=\"SPELLING_ERROR_20\" class=\"blsp-spelling-error\">igualicos<\/span> <span id=\"SPELLING_ERROR_21\" class=\"blsp-spelling-error\">quel<\/span> difunto del <span id=\"SPELLING_ERROR_22\" class=\"blsp-spelling-error\">abuelico<\/span>\u00ab.<\/p>\n<p>Al mismo tiempo en Canarias muere en prisi\u00f3n suicidado un violador, treinta a\u00f1os de supuesta democracia y se siguen produciendo muertes en las c\u00e1rceles y que sepamos la gente no debe morir en las c\u00e1rceles si no en los hospitales, pero claro la sanidad esta tan mal, que le echan una mano los de prisiones, tan funcionarios como los otros. Bueno algunos sanitarios son lo m\u00e1s parecido a carceleros.<\/p>\n<p>Desde aqu\u00ed llamamos a poner el <span id=\"SPELLING_ERROR_23\" class=\"blsp-spelling-error\">banner<\/span> que encabeza este articulo en apoyo a <span id=\"SPELLING_ERROR_24\" class=\"blsp-spelling-error\">Euskalerria<\/span> y a declararnos <span id=\"SPELLING_ERROR_25\" class=\"blsp-spelling-error\">apologetas<\/span> de D3M y no <span id=\"SPELLING_ERROR_26\" class=\"blsp-spelling-error\">GETAS<\/span> DEL <span id=\"SPELLING_ERROR_27\" class=\"blsp-spelling-error\">GARZONAZO<\/span>. <span id=\"SPELLING_ERROR_28\" class=\"blsp-spelling-error\">GORA<\/span> <span id=\"SPELLING_ERROR_29\" class=\"blsp-spelling-error\">EUSKALERRIA<\/span>.<\/p>\n<p><span id=\"SPELLING_ERROR_30\" class=\"blsp-spelling-error\">Abur<\/span>, La pobrecita Habladora, si nos detienen fumamos <span id=\"SPELLING_ERROR_31\" class=\"blsp-spelling-error\">KRUGER<\/span>.<\/p>\n<p>Revolucionando conciencias.<\/p>\n<div class=\"blogger-post-footer\">\u00abNo creo que seamos parientes muy cercanos. Pero si usted es capaz de temblar de indignaci\u00f3n cada vez que en el mundo se comete una injusticia, somos compa\u00f1eros, que es lo m\u00e1s importante\u00bb (Ch\u00e9 Guevara)<\/div>\n","protected":false},"excerpt":{"rendered":"<p>Ya estaban tardando, las detenciones son preventivas como la guerra en Gaza, para buscar pruebas, en el programa de los sociolistos de Euskadi dado a conocer hoy, lo que no dec\u00edan era que aparte de en culturar las conciencias en los colegios como medida para acabar con los nacionalistas revolucionarios, comenzaban tambi\u00e9n las detenciones de [&hellip;]<\/p>\n","protected":false},"author":290,"featured_media":0,"comment_status":"open","ping_status":"closed","sticky":false,"template":"","format":"standard","meta":{"footnotes":""},"categories":[18,23,14],"tags":[],"class_list":["post-22","post","type-post","status-publish","format-standard","hentry","category-actualidad","category-euskal-herria","category-terrorismo-de-estado"],"_links":{"self":[{"href":"https:\/\/elpobrecitohablador.es\/wordpress\/wp-json\/wp\/v2\/posts\/22","targetHints":{"allow":["GET"]}}],"collection":[{"href":"https:\/\/elpobrecitohablador.es\/wordpress\/wp-json\/wp\/v2\/posts"}],"about":[{"href":"https:\/\/elpobrecitohablador.es\/wordpress\/wp-json\/wp\/v2\/types\/post"}],"author":[{"embeddable":true,"href":"https:\/\/elpobrecitohablador.es\/wordpress\/wp-json\/wp\/v2\/users\/290"}],"replies":[{"embeddable":true,"href":"https:\/\/elpobrecitohablador.es\/wordpress\/wp-json\/wp\/v2\/comments?post=22"}],"version-history":[{"count":1,"href":"https:\/\/elpobrecitohablador.es\/wordpress\/wp-json\/wp\/v2\/posts\/22\/revisions"}],"predecessor-version":[{"id":458,"href":"https:\/\/elpobrecitohablador.es\/wordpress\/wp-json\/wp\/v2\/posts\/22\/revisions\/458"}],"wp:attachment":[{"href":"https:\/\/elpobrecitohablador.es\/wordpress\/wp-json\/wp\/v2\/media?parent=22"}],"wp:term":[{"taxonomy":"category","embeddable":true,"href":"https:\/\/elpobrecitohablador.es\/wordpress\/wp-json\/wp\/v2\/categories?post=22"},{"taxonomy":"post_tag","embeddable":true,"href":"https:\/\/elpobrecitohablador.es\/wordpress\/wp-json\/wp\/v2\/tags?post=22"}],"curies":[{"name":"wp","href":"https:\/\/api.w.org\/{rel}","templated":true}]}}