{"id":2099,"date":"2015-09-10T03:33:28","date_gmt":"2015-09-10T02:33:28","guid":{"rendered":"http:\/\/elpobrecitohablador.es\/wordpress\/?p=2099"},"modified":"2015-09-10T14:55:26","modified_gmt":"2015-09-10T13:55:26","slug":"derecho-a-decidir-o-morenitos-de-morenes-tu-decides","status":"publish","type":"post","link":"https:\/\/elpobrecitohablador.es\/wordpress\/2015\/09\/10\/derecho-a-decidir-o-morenitos-de-morenes-tu-decides\/","title":{"rendered":"Derecho a decidir o morenitos de Moren\u00e9s, Tu decides."},"content":{"rendered":"<audio class=\"wp-audio-shortcode\" id=\"audio-2099-1\" preload=\"none\" style=\"width: 100%;\" controls=\"controls\"><source type=\"audio\/mpeg\" src=\"http:\/\/jiribillaradio.com\/online\/images\/programasemitidos\/20150910_morenitosdemorenes.mp3?_=1\" \/><a href=\"http:\/\/jiribillaradio.com\/online\/images\/programasemitidos\/20150910_morenitosdemorenes.mp3\">http:\/\/jiribillaradio.com\/online\/images\/programasemitidos\/20150910_morenitosdemorenes.mp3<\/a><\/audio>\n<p>Que tres cabezas p\u00e1 un \u00abcardo pescao\u00bb.<\/p>\n<p style=\"text-align: justify;\"><img loading=\"lazy\" decoding=\"async\" class=\"size-full wp-image-2100 aligncenter\" src=\"https:\/\/elpobrecitohablador.es\/wordpress\/wp-content\/uploads\/2015\/09\/morenes.jpg\" alt=\"morenes\" width=\"366\" height=\"138\" srcset=\"https:\/\/elpobrecitohablador.es\/wordpress\/wp-content\/uploads\/2015\/09\/morenes.jpg 366w, https:\/\/elpobrecitohablador.es\/wordpress\/wp-content\/uploads\/2015\/09\/morenes-300x113.jpg 300w, https:\/\/elpobrecitohablador.es\/wordpress\/wp-content\/uploads\/2015\/09\/morenes-260x98.jpg 260w\" sizes=\"auto, (max-width: 366px) 100vw, 366px\" \/><\/p>\n<p style=\"text-align: justify;\"><span id=\"fbPhotoSnowliftCaption\" class=\"fbPhotosPhotoCaption\" tabindex=\"0\" data-ft=\"{&quot;tn&quot;:&quot;K&quot;}\"><span class=\"hasCaption\">\u00abEl problema de s\u00ed el pensamiento humano puede tener acceso a una verdad objetiva , no es un problema te\u00f3rico, sino un problema pr\u00e1ctico. Es en la praxis donde el ser humano tiene que demostrar la verdad, es decir, la realidad, la potencia, la precisi\u00f3n de su pensamiento. El litigio sobre la realidad, o irrealidad de un pensamiento que se a\u00edsla de la pr\u00e1ctica , es un problema puramente escol\u00e1stico \u00ab.<\/p>\n<p>C. Marx. TESIS SOBRE FEUERBACH. 1845.<br \/>\nOBRAS ESCOGIDAS T 1. Edto. PROGRESO. Moscu 1.976.<\/span><\/span><\/p>\n","protected":false},"excerpt":{"rendered":"<p>Que tres cabezas p\u00e1 un \u00abcardo pescao\u00bb. \u00abEl problema de s\u00ed el pensamiento humano puede tener acceso a una verdad objetiva , no es un problema te\u00f3rico, sino un problema pr\u00e1ctico. Es en la praxis donde el ser humano tiene que demostrar la verdad, es decir, la realidad, la potencia, la precisi\u00f3n de su pensamiento. [&hellip;]<\/p>\n","protected":false},"author":290,"featured_media":0,"comment_status":"open","ping_status":"closed","sticky":false,"template":"","format":"standard","meta":{"footnotes":""},"categories":[469,535,534,462,478],"tags":[],"class_list":["post-2099","post","type-post","status-publish","format-standard","hentry","category-canariasamordazada","category-derecho-a-decidir","category-morenes","category-podemos","category-podemos-santa-maria-de-guia"],"_links":{"self":[{"href":"https:\/\/elpobrecitohablador.es\/wordpress\/wp-json\/wp\/v2\/posts\/2099","targetHints":{"allow":["GET"]}}],"collection":[{"href":"https:\/\/elpobrecitohablador.es\/wordpress\/wp-json\/wp\/v2\/posts"}],"about":[{"href":"https:\/\/elpobrecitohablador.es\/wordpress\/wp-json\/wp\/v2\/types\/post"}],"author":[{"embeddable":true,"href":"https:\/\/elpobrecitohablador.es\/wordpress\/wp-json\/wp\/v2\/users\/290"}],"replies":[{"embeddable":true,"href":"https:\/\/elpobrecitohablador.es\/wordpress\/wp-json\/wp\/v2\/comments?post=2099"}],"version-history":[{"count":3,"href":"https:\/\/elpobrecitohablador.es\/wordpress\/wp-json\/wp\/v2\/posts\/2099\/revisions"}],"predecessor-version":[{"id":2104,"href":"https:\/\/elpobrecitohablador.es\/wordpress\/wp-json\/wp\/v2\/posts\/2099\/revisions\/2104"}],"wp:attachment":[{"href":"https:\/\/elpobrecitohablador.es\/wordpress\/wp-json\/wp\/v2\/media?parent=2099"}],"wp:term":[{"taxonomy":"category","embeddable":true,"href":"https:\/\/elpobrecitohablador.es\/wordpress\/wp-json\/wp\/v2\/categories?post=2099"},{"taxonomy":"post_tag","embeddable":true,"href":"https:\/\/elpobrecitohablador.es\/wordpress\/wp-json\/wp\/v2\/tags?post=2099"}],"curies":[{"name":"wp","href":"https:\/\/api.w.org\/{rel}","templated":true}]}}