{"id":2011,"date":"2015-04-24T07:00:36","date_gmt":"2015-04-24T06:00:36","guid":{"rendered":"http:\/\/elpobrecitohablador.es\/wordpress\/?p=2011"},"modified":"2015-04-24T07:05:20","modified_gmt":"2015-04-24T06:05:20","slug":"el-duo-dinamico-y-sus-tristes-canciones-de-la-colina-del-gallego","status":"publish","type":"post","link":"https:\/\/elpobrecitohablador.es\/wordpress\/2015\/04\/24\/el-duo-dinamico-y-sus-tristes-canciones-de-la-colina-del-gallego\/","title":{"rendered":"El D\u00fao din\u00e1mico y sus tristes canciones de la Colina del Gallego."},"content":{"rendered":"<p><img loading=\"lazy\" decoding=\"async\" class=\"alignleft size-full wp-image-2013\" src=\"https:\/\/elpobrecitohablador.es\/wordpress\/wp-content\/uploads\/2015\/04\/marga.jpg\" alt=\"marga\" width=\"960\" height=\"631\" srcset=\"https:\/\/elpobrecitohablador.es\/wordpress\/wp-content\/uploads\/2015\/04\/marga.jpg 960w, https:\/\/elpobrecitohablador.es\/wordpress\/wp-content\/uploads\/2015\/04\/marga-300x197.jpg 300w, https:\/\/elpobrecitohablador.es\/wordpress\/wp-content\/uploads\/2015\/04\/marga-560x368.jpg 560w, https:\/\/elpobrecitohablador.es\/wordpress\/wp-content\/uploads\/2015\/04\/marga-260x171.jpg 260w, https:\/\/elpobrecitohablador.es\/wordpress\/wp-content\/uploads\/2015\/04\/marga-160x105.jpg 160w\" sizes=\"auto, (max-width: 960px) 100vw, 960px\" \/>Me he quedao sin ideas para condensar en un titular las andanzas de los genuinos PODEMISTAS, del sector frente judaico aut\u00e9ntico, fracci\u00f3n la Dehesa alta.<br \/>\n\u00bfSon un c\u00edrculo? si, son redondos, no hay por donde cogerlos, se te escabullen como las sardinillas o los cabozos en los charcos cuando baja la marea. Son cinco, lo m\u00ednimo que se despacha p\u00e1 cumplir con la apariencia de PODEMOS. El dueto, viejos conocidos de los informados guienses: Jos\u00e9 Miguel Valdivia Gonzalez y Margarita Est\u00e9vez Falc\u00f3n y el \u201cBenjam\u00edn\u201d con dos mariachis que nos piden discreci\u00f3n, ya que peligra la vida del artista; son artistas de la cuerda floja y deportistas de pesca de altura, de \u00e9lite, que ponen en constante riesgo sus vidas.<\/p>\n<p>La \u00faltima reuni\u00f3n, convocada a las 23:00h del d\u00eda anterior, perd\u00f3n la pen\u00faltima, se suspendi\u00f3 por compromisos ineludibles con el casino galdense del escribiente mayor JM Valdivia y la de hoy Jueves 23 de Abril, tambi\u00e9n convocada el d\u00eda anterior y a la misma nocturna hora, acab\u00f3 con la charla melosa y con cigarrillo incluido del famoso d\u00fao, aunque el pelete apretaba, por los complejines, las distancias se manten\u00edan con decoro, como formalmente se exige en los buenos caser\u00edos y diseminados de los caciquiles pueblos del norte, siendo sorprendidos por este pobrecito hablador salud\u00e1ndoles con: \u201cvivan los podemos aut\u00e9nticos man que pierdan\u201d y picando las luces largas.<\/p>\n<p>Si galdenses de pro como PP \u00c1ngel los dieron por in\u00fatiles y los pocos apoyos de otros elitistas deportistas de Telde los perdieron, les quedan los irreductibles mariachis, el peque\u00f1o benjam\u00edn y la moral, tan alta como la del alcoyano; \u00fanica explicaci\u00f3n para tanto engreimiento, soberbia y falta de GENEROSIDAD.<\/p>\n<p>La prueba, salom\u00f3nica irrefutable, matar a la propia criatura de la que dicen ser los padres, la dieron al retratarse Marga ante Jonay, negando tres veces a PODEMOS, y JM Valdivia neg\u00e1ndose a firmar, para poder presentarse a las elecciones como AAEE en la candidatura de Unidad popular \u201cGuia Puede\u201d al compa\u00f1ero Jos\u00e9 Miranda, hasta el d\u00eda anterior, compa\u00f1ero del c\u00edrculo que ellos dec\u00edan dirigir al margen de la SG, electa democraticamente en Santa Mar\u00eda de Gu\u00eda.<\/p>\n<p>Pero como una prueba puede parecer escasa, ofrecemos otra de las tantas que han esparcido por lar redes y de viva voz a los que les escuchaban, durante alg\u00fan tiempo, como el comunicado desmintiendo que PODEMOS apoya la candidatura de Unida Popular, como se recoge en los documentos aprobados en en la Asamblea Estatal de Vista Alegre y los aprobados conjuntamente con la elecci\u00f3n de la SG en el municipio, con el solo objetivo de perjudicar todo lo que no sea controlado por esto genios Goebbelianos, como PODEMOS en Santa Mar\u00eda de Guia.<\/p>\n<p>Recopilaci\u00f3n de las canciones del dueto.<\/p>\n<blockquote class=\"wp-embedded-content\" data-secret=\"tTRuHUKhw3\"><p><a href=\"https:\/\/elpobrecitohablador.es\/wordpress\/2015\/04\/12\/el-dueto-margarita-estevez-jose-miguel-valdivia-sector-autentico-del-frente-judaico\/\">El dueto Margarita Est\u00e9vez- Jos\u00e9 Miguel Valdivia sector autentico del Frente Judaico.<\/a><\/p><\/blockquote>\n<p><iframe loading=\"lazy\" class=\"wp-embedded-content\" sandbox=\"allow-scripts\" security=\"restricted\" style=\"position: absolute; visibility: hidden;\" title=\"\u00abEl dueto Margarita Est\u00e9vez- Jos\u00e9 Miguel Valdivia sector autentico del Frente Judaico.\u00bb \u2014 El Pobrecito hablador\" src=\"https:\/\/elpobrecitohablador.es\/wordpress\/2015\/04\/12\/el-dueto-margarita-estevez-jose-miguel-valdivia-sector-autentico-del-frente-judaico\/embed\/#?secret=XwrNWUaFG6#?secret=tTRuHUKhw3\" data-secret=\"tTRuHUKhw3\" width=\"600\" height=\"338\" frameborder=\"0\" marginwidth=\"0\" marginheight=\"0\" scrolling=\"no\"><\/iframe><\/p>\n<blockquote class=\"wp-embedded-content\" data-secret=\"ZIokprS3Ce\"><p><a href=\"https:\/\/elpobrecitohablador.es\/wordpress\/2015\/02\/18\/vendedores-de-crecepelo-en-plaza-podemos\/\">VENDEDORES DE CRECEPELO en plaza PODEMOS<\/a><\/p><\/blockquote>\n<p><iframe loading=\"lazy\" class=\"wp-embedded-content\" sandbox=\"allow-scripts\" security=\"restricted\" style=\"position: absolute; visibility: hidden;\" title=\"\u00abVENDEDORES DE CRECEPELO en plaza PODEMOS\u00bb \u2014 El Pobrecito hablador\" src=\"https:\/\/elpobrecitohablador.es\/wordpress\/2015\/02\/18\/vendedores-de-crecepelo-en-plaza-podemos\/embed\/#?secret=Y136t0lSAF#?secret=ZIokprS3Ce\" data-secret=\"ZIokprS3Ce\" width=\"600\" height=\"338\" frameborder=\"0\" marginwidth=\"0\" marginheight=\"0\" scrolling=\"no\"><\/iframe><\/p>\n<blockquote class=\"wp-embedded-content\" data-secret=\"DGTAEV3l12\"><p><a href=\"https:\/\/elpobrecitohablador.es\/wordpress\/2015\/01\/16\/acta-apocrifa-o-las-disputas-manolo-melian-cc-pedro-m-rodriguez-nc-en-el-circulo-clandestino-de-podemos-en-guia\/\">Acta ap\u00f3crifa o las disputas (Manolo Meli\u00e1n( NC) \u2013 Pedro M. Rodr\u00edguez (CC) en El C\u00edrculo clandestino de PODEMOS en Gu\u00eda.<\/a><\/p><\/blockquote>\n<p><iframe loading=\"lazy\" class=\"wp-embedded-content\" sandbox=\"allow-scripts\" security=\"restricted\" style=\"position: absolute; visibility: hidden;\" title=\"\u00abActa ap\u00f3crifa o las disputas (Manolo Meli\u00e1n( NC) \u2013 Pedro M. Rodr\u00edguez (CC) en El C\u00edrculo clandestino de PODEMOS en Gu\u00eda.\u00bb \u2014 El Pobrecito hablador\" src=\"https:\/\/elpobrecitohablador.es\/wordpress\/2015\/01\/16\/acta-apocrifa-o-las-disputas-manolo-melian-cc-pedro-m-rodriguez-nc-en-el-circulo-clandestino-de-podemos-en-guia\/embed\/#?secret=HXFJZjtdvO#?secret=DGTAEV3l12\" data-secret=\"DGTAEV3l12\" width=\"600\" height=\"338\" frameborder=\"0\" marginwidth=\"0\" marginheight=\"0\" scrolling=\"no\"><\/iframe><\/p>\n","protected":false},"excerpt":{"rendered":"<p>Me he quedao sin ideas para condensar en un titular las andanzas de los genuinos PODEMISTAS, del sector frente judaico aut\u00e9ntico, fracci\u00f3n la Dehesa alta. \u00bfSon un c\u00edrculo? si, son redondos, no hay por donde cogerlos, se te escabullen como las sardinillas o los cabozos en los charcos cuando baja la marea. Son cinco, lo [&hellip;]<\/p>\n","protected":false},"author":290,"featured_media":0,"comment_status":"open","ping_status":"closed","sticky":false,"template":"","format":"standard","meta":{"footnotes":""},"categories":[18,478],"tags":[],"class_list":["post-2011","post","type-post","status-publish","format-standard","hentry","category-actualidad","category-podemos-santa-maria-de-guia"],"_links":{"self":[{"href":"https:\/\/elpobrecitohablador.es\/wordpress\/wp-json\/wp\/v2\/posts\/2011","targetHints":{"allow":["GET"]}}],"collection":[{"href":"https:\/\/elpobrecitohablador.es\/wordpress\/wp-json\/wp\/v2\/posts"}],"about":[{"href":"https:\/\/elpobrecitohablador.es\/wordpress\/wp-json\/wp\/v2\/types\/post"}],"author":[{"embeddable":true,"href":"https:\/\/elpobrecitohablador.es\/wordpress\/wp-json\/wp\/v2\/users\/290"}],"replies":[{"embeddable":true,"href":"https:\/\/elpobrecitohablador.es\/wordpress\/wp-json\/wp\/v2\/comments?post=2011"}],"version-history":[{"count":3,"href":"https:\/\/elpobrecitohablador.es\/wordpress\/wp-json\/wp\/v2\/posts\/2011\/revisions"}],"predecessor-version":[{"id":2015,"href":"https:\/\/elpobrecitohablador.es\/wordpress\/wp-json\/wp\/v2\/posts\/2011\/revisions\/2015"}],"wp:attachment":[{"href":"https:\/\/elpobrecitohablador.es\/wordpress\/wp-json\/wp\/v2\/media?parent=2011"}],"wp:term":[{"taxonomy":"category","embeddable":true,"href":"https:\/\/elpobrecitohablador.es\/wordpress\/wp-json\/wp\/v2\/categories?post=2011"},{"taxonomy":"post_tag","embeddable":true,"href":"https:\/\/elpobrecitohablador.es\/wordpress\/wp-json\/wp\/v2\/tags?post=2011"}],"curies":[{"name":"wp","href":"https:\/\/api.w.org\/{rel}","templated":true}]}}