{"id":1808,"date":"2014-02-12T23:54:48","date_gmt":"2014-02-12T23:54:48","guid":{"rendered":"http:\/\/elpobrecitohablador.es\/wordpress\/?p=1808"},"modified":"2014-02-12T23:59:45","modified_gmt":"2014-02-12T23:59:45","slug":"todo-el-poder-a-los-circulos","status":"publish","type":"post","link":"https:\/\/elpobrecitohablador.es\/wordpress\/2014\/02\/12\/todo-el-poder-a-los-circulos\/","title":{"rendered":"Todo el Poder a los Circulos"},"content":{"rendered":"<p><strong>Podemos<\/strong> puede ser la v\u00eda que permita que el pueblo ejerza su poder, como dice Jes\u00fas Moreno Abad.<br \/>\n\u00abPor tanto, ambas partes deber\u00edan ser generosas. Las soluciones a los problemas concretos y los referentes ideol\u00f3gicos son los mismos, no va a haber ninguna diferencia y no hay motivo para disgregar el voto y perder poder: ambos movimientos est\u00e1n condenados a subirse a un proyecto com\u00fan (al que deber\u00eda unirse tambi\u00e9n Equo, Izquierda Anticapitalista \u2013que parece estar metida con Iglesias- y tantos otros) . Nuevas siglas, con reparto igualitario de responsabilidades y donde nadie desaparezca como colectivo: IU no debe desaparecer nunca.\u00bb<\/p>\n<p>Reinventemos todo hasta el punto que de verdad el poder este en los <strong>C\u00edrculos<\/strong>, en la ciudadan\u00eda, en los trabajadores, en los despose\u00eddos, parados, indigentes, etc. que representan el 90% al que aspira representar <strong>Podemos<\/strong>, algo tan viejo como las asambleas, el poder horizontal y aunque se equivoquen, los que no tienen nada m\u00e1s que sus manos y cerebro, deben decidir y empoderarse, form\u00e1ndose y madurando con la practica del poder popular con sus consecuentes errores y aciertos.<\/p>\n<p>Los que hoy no apuesten por una v\u00eda unitaria (Asamblearia y sin perdida del discurso de cada organizaci\u00f3n conformante del frente unido) de respuesta m\u00ednima a la destrucci\u00f3n de la ilusi\u00f3n neo-liberal del Estado del Medio-estar no son ni de izquierdas ni nada de lo que dicen ser, sean anarkistas, comunistas, leninistas, troskistas, maoistas o cualquiera de los istas que se puedan inventar.<\/p>\n<p><a href=\"http:\/\/objectwidth=560height=315paramname=movievalue=\/\/www.youtube.com\/v\/L27Tmy8YEf8?hl=es_ES&#038;version=3\/paramparamname=allowFullScreenvalue=true\/paramparamname=allowscriptaccessvalue=always\/paramembedsrc=\/\/www.youtube.com\/v\/L27Tmy8YEf8?hl=es_ES&#038;version=3type=application\/x-shockwave-flashwidth=560height=315allowscriptaccess=alwaysallowfullscreen=true\/embed\/object\"><object width=\"560\" height=\"315\"><param name=\"movie\" value=\"\/\/www.youtube.com\/v\/L27Tmy8YEf8?hl=es_ES&amp;version=3\"\/><param name=\"allowFullScreen\" value=\"true\"\/><param name=\"allowscriptaccess\" value=\"always\"\/><embed src=\"\/\/www.youtube.com\/v\/L27Tmy8YEf8?hl=es_ES&amp;version=3\" type=\"application\/x-shockwave-flash\" width=\"560\" height=\"315\" allowscriptaccess=\"always\" allowfullscreen=\"true\"\/><\/object><\/a><\/p>\n","protected":false},"excerpt":{"rendered":"<p>Podemos puede ser la v\u00eda que permita que el pueblo ejerza su poder, como dice Jes\u00fas Moreno Abad. \u00abPor tanto, ambas partes deber\u00edan ser generosas. Las soluciones a los problemas concretos y los referentes ideol\u00f3gicos son los mismos, no va a haber ninguna diferencia y no hay motivo para disgregar el voto y perder poder: [&hellip;]<\/p>\n","protected":false},"author":290,"featured_media":0,"comment_status":"open","ping_status":"closed","sticky":false,"template":"","format":"standard","meta":{"footnotes":""},"categories":[18],"tags":[],"class_list":["post-1808","post","type-post","status-publish","format-standard","hentry","category-actualidad"],"_links":{"self":[{"href":"https:\/\/elpobrecitohablador.es\/wordpress\/wp-json\/wp\/v2\/posts\/1808","targetHints":{"allow":["GET"]}}],"collection":[{"href":"https:\/\/elpobrecitohablador.es\/wordpress\/wp-json\/wp\/v2\/posts"}],"about":[{"href":"https:\/\/elpobrecitohablador.es\/wordpress\/wp-json\/wp\/v2\/types\/post"}],"author":[{"embeddable":true,"href":"https:\/\/elpobrecitohablador.es\/wordpress\/wp-json\/wp\/v2\/users\/290"}],"replies":[{"embeddable":true,"href":"https:\/\/elpobrecitohablador.es\/wordpress\/wp-json\/wp\/v2\/comments?post=1808"}],"version-history":[{"count":9,"href":"https:\/\/elpobrecitohablador.es\/wordpress\/wp-json\/wp\/v2\/posts\/1808\/revisions"}],"predecessor-version":[{"id":1817,"href":"https:\/\/elpobrecitohablador.es\/wordpress\/wp-json\/wp\/v2\/posts\/1808\/revisions\/1817"}],"wp:attachment":[{"href":"https:\/\/elpobrecitohablador.es\/wordpress\/wp-json\/wp\/v2\/media?parent=1808"}],"wp:term":[{"taxonomy":"category","embeddable":true,"href":"https:\/\/elpobrecitohablador.es\/wordpress\/wp-json\/wp\/v2\/categories?post=1808"},{"taxonomy":"post_tag","embeddable":true,"href":"https:\/\/elpobrecitohablador.es\/wordpress\/wp-json\/wp\/v2\/tags?post=1808"}],"curies":[{"name":"wp","href":"https:\/\/api.w.org\/{rel}","templated":true}]}}