{"id":1804,"date":"2013-08-21T15:09:12","date_gmt":"2013-08-21T14:09:12","guid":{"rendered":"http:\/\/elpobrecitohablador.es\/wordpress\/?p=1804"},"modified":"2013-08-21T15:09:12","modified_gmt":"2013-08-21T14:09:12","slug":"todo-sigue-igual","status":"publish","type":"post","link":"https:\/\/elpobrecitohablador.es\/wordpress\/2013\/08\/21\/todo-sigue-igual\/","title":{"rendered":"Todo sigue igual"},"content":{"rendered":"<blockquote class=\"twitter-tweet\">\n<p>RT<a href=\"https:\/\/twitter.com\/P_II_P\">@P_II_P<\/a> Todo sigue igual: <a href=\"http:\/\/t.co\/MQ29aRBWtA\">http:\/\/t.co\/MQ29aRBWtA<\/a> Ni <a href=\"https:\/\/twitter.com\/search?q=%23JoseD%C3%ADazRamos&amp;src=hash\">#JoseD\u00edazRamos<\/a> fundador <a href=\"https:\/\/twitter.com\/search?q=%23PCE&amp;src=hash\">#PCE<\/a> lo har\u00eda mejor, resto son <a href=\"https:\/\/twitter.com\/search?q=%23ComeFlores&amp;src=hash\">#ComeFlores<\/a> <a href=\"https:\/\/twitter.com\/agarzon\">@agarzon<\/a> <a href=\"https:\/\/twitter.com\/cayo_lara\">@cayo_lara<\/a><\/p>\n<p>&mdash; Walo Le\u00f3n (@falsimedia) <a href=\"https:\/\/twitter.com\/falsimedia\/statuses\/370168362149490688\">August 21, 2013<\/a><\/p><\/blockquote>\n<p><script async src=\"\/\/platform.twitter.com\/widgets.js\" charset=\"utf-8\"><\/script><\/p>\n","protected":false},"excerpt":{"rendered":"<p>RT@P_II_P Todo sigue igual: http:\/\/t.co\/MQ29aRBWtA Ni #JoseD\u00edazRamos fundador #PCE lo har\u00eda mejor, resto son #ComeFlores @agarzon @cayo_lara &mdash; Walo Le\u00f3n (@falsimedia) August 21, 2013<\/p>\n","protected":false},"author":290,"featured_media":0,"comment_status":"open","ping_status":"closed","sticky":false,"template":"","format":"standard","meta":{"footnotes":""},"categories":[17,112,139,11,199,208,9,202],"tags":[],"class_list":["post-1804","post","type-post","status-publish","format-standard","hentry","category-anticapitalismo","category-antimperialismo","category-antisionismo","category-arte","category-lucha-de-clases","category-lucha-obrera","category-marxismo","category-unidad-comunista"],"_links":{"self":[{"href":"https:\/\/elpobrecitohablador.es\/wordpress\/wp-json\/wp\/v2\/posts\/1804","targetHints":{"allow":["GET"]}}],"collection":[{"href":"https:\/\/elpobrecitohablador.es\/wordpress\/wp-json\/wp\/v2\/posts"}],"about":[{"href":"https:\/\/elpobrecitohablador.es\/wordpress\/wp-json\/wp\/v2\/types\/post"}],"author":[{"embeddable":true,"href":"https:\/\/elpobrecitohablador.es\/wordpress\/wp-json\/wp\/v2\/users\/290"}],"replies":[{"embeddable":true,"href":"https:\/\/elpobrecitohablador.es\/wordpress\/wp-json\/wp\/v2\/comments?post=1804"}],"version-history":[{"count":1,"href":"https:\/\/elpobrecitohablador.es\/wordpress\/wp-json\/wp\/v2\/posts\/1804\/revisions"}],"predecessor-version":[{"id":1805,"href":"https:\/\/elpobrecitohablador.es\/wordpress\/wp-json\/wp\/v2\/posts\/1804\/revisions\/1805"}],"wp:attachment":[{"href":"https:\/\/elpobrecitohablador.es\/wordpress\/wp-json\/wp\/v2\/media?parent=1804"}],"wp:term":[{"taxonomy":"category","embeddable":true,"href":"https:\/\/elpobrecitohablador.es\/wordpress\/wp-json\/wp\/v2\/categories?post=1804"},{"taxonomy":"post_tag","embeddable":true,"href":"https:\/\/elpobrecitohablador.es\/wordpress\/wp-json\/wp\/v2\/tags?post=1804"}],"curies":[{"name":"wp","href":"https:\/\/api.w.org\/{rel}","templated":true}]}}