{"id":18,"date":"2009-01-19T08:46:00","date_gmt":"2009-01-19T08:46:00","guid":{"rendered":"http:\/\/elpobrecitohablador.es\/wordpress\/?p=18"},"modified":"2010-05-22T18:04:46","modified_gmt":"2010-05-22T17:04:46","slug":"olmert-agradece-a-zapatero-la-ayuda-de-espana-en-el-conflicto-de-gaza","status":"publish","type":"post","link":"https:\/\/elpobrecitohablador.es\/wordpress\/2009\/01\/19\/olmert-agradece-a-zapatero-la-ayuda-de-espana-en-el-conflicto-de-gaza\/","title":{"rendered":"Olmert agradece a Zapatero la ayuda de Espa\u00f1a en el conflicto de Gaza"},"content":{"rendered":"<div style=\"text-align: left;\"><a href=\"https:\/\/elpobrecitohablador.es\/wordpress\/wp-content\/uploads\/2009\/01\/1232338219_0.jpg\" rel=\"lightbox[18]\"><img loading=\"lazy\" decoding=\"async\" class=\"alignleft size-full wp-image-214\" style=\"margin-left: 10px; margin-right: 10px;\" title=\"1232338219_0\" src=\"https:\/\/elpobrecitohablador.es\/wordpress\/wp-content\/uploads\/2009\/01\/1232338219_0.jpg\" alt=\"\" width=\"334\" height=\"213\" srcset=\"https:\/\/elpobrecitohablador.es\/wordpress\/wp-content\/uploads\/2009\/01\/1232338219_0.jpg 470w, https:\/\/elpobrecitohablador.es\/wordpress\/wp-content\/uploads\/2009\/01\/1232338219_0-300x191.jpg 300w, https:\/\/elpobrecitohablador.es\/wordpress\/wp-content\/uploads\/2009\/01\/1232338219_0-290x185.jpg 290w, https:\/\/elpobrecitohablador.es\/wordpress\/wp-content\/uploads\/2009\/01\/1232338219_0-150x95.jpg 150w\" sizes=\"auto, (max-width: 334px) 100vw, 334px\" \/><\/a><\/div>\n<p>Olmert agradece a Zapatero la ayuda de Espa\u00f1a en el conflicto de Gaza<\/p>\n<p>Faltaba la foto, por si queda  alguna Duda.<\/p>\n<p>Revolucionando conciencias.<\/p>\n<div class=\"blogger-post-footer\">\u00abNo creo que seamos parientes muy cercanos. Pero si usted es capaz de temblar de indignaci\u00f3n cada vez que en el mundo se comete una injusticia, somos compa\u00f1eros, que es lo m\u00e1s importante\u00bb (Ch\u00e9 Guevara)<\/div>\n","protected":false},"excerpt":{"rendered":"<p>Olmert agradece a Zapatero la ayuda de Espa\u00f1a en el conflicto de Gaza Faltaba la foto, por si queda alguna Duda. Revolucionando conciencias. \u00abNo creo que seamos parientes muy cercanos. Pero si usted es capaz de temblar de indignaci\u00f3n cada vez que en el mundo se comete una injusticia, somos compa\u00f1eros, que es lo m\u00e1s [&hellip;]<\/p>\n","protected":false},"author":290,"featured_media":0,"comment_status":"open","ping_status":"closed","sticky":false,"template":"","format":"standard","meta":{"footnotes":""},"categories":[18,139,88],"tags":[],"class_list":["post-18","post","type-post","status-publish","format-standard","hentry","category-actualidad","category-antisionismo","category-palestina"],"_links":{"self":[{"href":"https:\/\/elpobrecitohablador.es\/wordpress\/wp-json\/wp\/v2\/posts\/18","targetHints":{"allow":["GET"]}}],"collection":[{"href":"https:\/\/elpobrecitohablador.es\/wordpress\/wp-json\/wp\/v2\/posts"}],"about":[{"href":"https:\/\/elpobrecitohablador.es\/wordpress\/wp-json\/wp\/v2\/types\/post"}],"author":[{"embeddable":true,"href":"https:\/\/elpobrecitohablador.es\/wordpress\/wp-json\/wp\/v2\/users\/290"}],"replies":[{"embeddable":true,"href":"https:\/\/elpobrecitohablador.es\/wordpress\/wp-json\/wp\/v2\/comments?post=18"}],"version-history":[{"count":3,"href":"https:\/\/elpobrecitohablador.es\/wordpress\/wp-json\/wp\/v2\/posts\/18\/revisions"}],"predecessor-version":[{"id":213,"href":"https:\/\/elpobrecitohablador.es\/wordpress\/wp-json\/wp\/v2\/posts\/18\/revisions\/213"}],"wp:attachment":[{"href":"https:\/\/elpobrecitohablador.es\/wordpress\/wp-json\/wp\/v2\/media?parent=18"}],"wp:term":[{"taxonomy":"category","embeddable":true,"href":"https:\/\/elpobrecitohablador.es\/wordpress\/wp-json\/wp\/v2\/categories?post=18"},{"taxonomy":"post_tag","embeddable":true,"href":"https:\/\/elpobrecitohablador.es\/wordpress\/wp-json\/wp\/v2\/tags?post=18"}],"curies":[{"name":"wp","href":"https:\/\/api.w.org\/{rel}","templated":true}]}}