{"id":1791,"date":"2013-08-04T04:09:27","date_gmt":"2013-08-04T03:09:27","guid":{"rendered":"http:\/\/elpobrecitohablador.es\/wordpress\/?p=1791"},"modified":"2013-08-04T13:54:16","modified_gmt":"2013-08-04T12:54:16","slug":"cronica-de-una-semana-agitada-en-las-aguas-turbias-de-twitter","status":"publish","type":"post","link":"https:\/\/elpobrecitohablador.es\/wordpress\/2013\/08\/04\/cronica-de-una-semana-agitada-en-las-aguas-turbias-de-twitter\/","title":{"rendered":"Cr\u00f3nica de una semana agitada, en las aguas turbias de twitter."},"content":{"rendered":"<p>Todo  esta influido ideologicamente y las guerras personales no est\u00e1n  exentas. Menos en un medio de difusi\u00f3n masiva como Twitter que  favorece el individualismo, el divismo y las enfermizas ansias de  protagonismo que esta miseria social estimula hasta el paroxismo.(y dem\u00e1s ismos.#FindeLaCita)\n<\/p>\n<p> De  entrada me repatea tener que dedicar tiempo a lo evidente, tenemos  que ser coherentes y la incoherencia es m\u00e1s sufrimiento personal y  social, alej\u00e1ndonos de los objetivos de maduraci\u00f3n personal y  social necesarios para al menos vislumbrar un horizonte de lucha y  cambio radical del sistema.<\/p>\n<p> Ser  Anti-capitalista no cuaja con estimular las miserias del pastiche  ideol\u00f3gico burgu\u00e9s y capitalista, pero al igual que cualquier  trabajador\/a no estamos ningun@ a salvo de apuntalar el sistema o  difundir su m\u00edsera filosof\u00eda de baratillo.<\/p>\n<p> Mi  adscripci\u00f3n marxista me hace saber que la ideolog\u00eda opresora est\u00e1  en el seno de la propia clase obrera, a veces incluso m\u00e1s arraigada  que en los propios explotadores, pero as\u00ed mismo recorre a las  autodenominadas vanguardias y a los que nos pensamos formados y m\u00e1s  cultos con tanta o m\u00e1s fuerza, pues no soportamos las condiciones  materiales de los parias que determinan el pensamiento.<\/p>\n<blockquote class=\"twitter-tweet\">\n<p><a href=\"https:\/\/twitter.com\/DaniGuidox\">@DaniGuidox<\/a> <a href=\"https:\/\/twitter.com\/seakabo34\">@seakabo34<\/a> <a href=\"https:\/\/twitter.com\/McNevermore\">@McNevermore<\/a> Buena persona no es, desde luego. Pero creo q es producto de ste sistema, y q no est\u00e1 bien d la cabeza<\/p>\n<p>&mdash; PepitaladelBarrio (@PepitaldelBarr) <a href=\"https:\/\/twitter.com\/PepitaldelBarr\/statuses\/363625232394752001\">August 3, 2013<\/a><\/p><\/blockquote>\n<p><script async src=\"\/\/platform.twitter.com\/widgets.js\" charset=\"utf-8\"><\/script><\/p>\n<p>Con  acertado twiter responde @Pepitadelbarrio @DaniGuidoxero:  &ldquo;Pienso que es mala persona desde que naci\u00f3.&rdquo;  Sostener que las  personas nacen estigmatizadas me parece una clara penetraci\u00f3n  ideol\u00f3gica del sistema en el pueblo. As\u00ed nos repiten hasta la  saciedad que se nace como @Danimad000 o como Bret\u00f3n, que hizo lo m\u00e1s  despreciable que cualquier especie puede hacer, que es matar a su  descendencia.  Pero si no somos capaces de comprender que son  subproductos directos de la f\u00e1brica capitalista,  que produce tanto  urdangarines y farsantes de todo tipo, como en el otro extremo  revolucionarios como Xabier Mikel Errekondo de Amaiur, no seremos  capaces de construir una sociedad sin esclavos ni amos.<\/p>\n<p> Ya  no es opini\u00f3n, es ciencia, y desde los a\u00f1os 80, leamos a <a href=\"http:\/\/www.kilibro.com\/en\/book\/preview\/52375\/sexo-y-temperamento\" target=\"_blank\">Margaret  Mead<\/a>, nada sospechosa de roja y comprobaremos que la gente no nace,  se hace y las sociedades pueden hacer individuos pac\u00edficos o  cortadores de cabezas, como ella descubri\u00f3 conviviendo con  sociedades primitivas, cortadores de cabezas y pac\u00edficos, la  diferencia estaba en la primera infancia, a los ni\u00f1os de los  pac\u00edficos todos los cuidaban, los amamantaban, los atend\u00edan con  paciencia y cari\u00f1o; en cambio en los cortadores de cabezas los ni\u00f1os  eran colgados de una red del techo de las caba\u00f1as y los bajan para  alimentarlos, si lloraban mientras estaban colgados les hac\u00edan  cosquillas en sus piececitos, era la m\u00e1xima expresi\u00f3n de cari\u00f1o.<\/p>\n<p> Sabido  tambi\u00e9n que los maltratadores han sido maltratados, los violadores  violados, etc. etc. amartillemos muy bien las ideas correctas y  desechemos la basura, pues si no, pretendi\u00e9ndonos l\u00facidos, no somos  m\u00e1s que unos emborregaos. (Ignorantados por el sistema como acertadamente define <a href=\"http:\/\/nacioncanaria.blogspot.com.es\/2008\/09\/entrevista-al-escritor-vctor-ramrez.html\" target=\"_blank\">V\u00edctor Ram\u00edrez<\/a>)<\/p>\n<blockquote class=\"twitter-tweet\">\n<p><a href=\"https:\/\/twitter.com\/DaniGuidox\">@DaniGuidox<\/a> <a href=\"https:\/\/twitter.com\/seakabo34\">@seakabo34<\/a> <a href=\"https:\/\/twitter.com\/McNevermore\">@McNevermore<\/a> Nadie con buen equilibrio se har\u00eda tan desgraciado a s\u00ed mismo.<\/p>\n<p>&mdash; PepitaladelBarrio (@PepitaldelBarr) <a href=\"https:\/\/twitter.com\/PepitaldelBarr\/statuses\/363594031613222913\">August 3, 2013<\/a><\/p><\/blockquote>\n<p><script async src=\"\/\/platform.twitter.com\/widgets.js\" charset=\"utf-8\"><\/script><\/p>\n<p>Pienso  que estamos actuando como le gusta al r\u00e9gimen, de cacer\u00eda a un  pobre diablo que lo peor que puede ser es un poli infiltrao, pero ni  eso, no es m\u00e1s que el fiel reflejo de la sociedad de los poderosos y  crey\u00e9ndose que es muy original, tanto como los que ante un insulto  pretenden responder con una razia.<\/p>\n<p> Pues  no se\u00f1or@s, mi ideolog\u00eda me permite aceptar el debate a\u00fan con  insultos, tengo derecho a legitima defensa insultando devuelta, pero  nunca levantando la mano, &ldquo;fartaba plus&rdquo;.<\/p>\n<blockquote class=\"twitter-tweet\">\n<p><a href=\"https:\/\/twitter.com\/miky_co\">@miky_co<\/a> hola locaaaa <a href=\"https:\/\/twitter.com\/pitussa1\">@pitussa1<\/a> yo lo s\u00e9&#8230;aqu\u00ed su estafa en 27 im\u00e1genes&#10;<a href=\"http:\/\/t.co\/I5dR5O0rMe\">http:\/\/t.co\/I5dR5O0rMe<\/a><\/p>\n<p>&mdash; malamadre\u2122 (@HalconEye) <a href=\"https:\/\/twitter.com\/HalconEye\/statuses\/363665976685899776\">August 3, 2013<\/a><\/p><\/blockquote>\n<p><script async src=\"\/\/platform.twitter.com\/widgets.js\" charset=\"utf-8\"><\/script><\/p>\n<p>Por  ejemplo @miky_co tiene su cuenta protegida de mi, pues le parece  desmesurao pedir #SMIparatodoCargoP\u00fablico y lo m\u00e1s que he hecho es  decir a los cuatro vientos que \u00e9l no es de izquierdas ni  anticapitalista por mucho que presuma de ello.<\/p>\n<blockquote class=\"twitter-tweet\">\n<p><a href=\"https:\/\/twitter.com\/ANITADESORIA\">@ANITADESORIA<\/a> <a href=\"https:\/\/twitter.com\/seakabo34\">@seakabo34<\/a> no te preocupes..todas esas l\u00e1grimas ser\u00e1n cobradas..una por una..te lo prometo&#10;y mi dinero saldr\u00e1 de sus costillas<\/p>\n<p>&mdash; malamadre\u2122 (@HalconEye) <a href=\"https:\/\/twitter.com\/HalconEye\/statuses\/363660173430104066\">August 3, 2013<\/a><\/p><\/blockquote>\n<p><script async src=\"\/\/platform.twitter.com\/widgets.js\" charset=\"utf-8\"><\/script><\/p>\n<p>\nPerder  m\u00e1s tiempo con quien no quiere avanzar y revolucionar la vida  cotidiana y la sociedad no merita la pena, decimos por aqu\u00ed. Montar  una galer\u00eda de im\u00e1genes, ofrecerse a apalear sus costillas, y  pretender un TT mientras sucede lo del pederasta indultado, lo del  FMI pidiendo bajar m\u00e1s los salarios, etc&#8230;es rid\u00edculamente  infantil. El enemigo principal de estos ciberactivistas tan delicados  que no se les puede insultar, pues recurren a las hordas de la  violencia f\u00edsica, no cuadra con construir algo nuevo y menos agrupar  a todos incluidos los amigos equivocaos o descarriaos, atray\u00e9ndolos  y forz\u00e1ndolos si es necesario,  a ser coherentes o pasarse al  enemigo y atenerse a las consecuencias.<\/p>\n<p> Mucha  ideolog\u00eda podrida interiorizada que sale a borbotones en los temas  de calado, como ETA, el Maquinista, Bret\u00f3n, El Cuco, hijastro de  polic\u00eda que sali\u00f3 m\u00e1s resabiado que su padre. Solo el debate sin  miramientos ni blandenguer\u00edas har\u00e1 que surja la coherencia y una  filosof\u00eda no para interpretar el mundo, si no para cambiarlo de base  y de verdad, no en apariencia.<\/p>\n<p>Para  acabar y no aburrirles con chismorreos de patio de&nbsp;<a HREF=\"mailto:vecin@s\">vecin@s<\/a>,  solo comentar otra de las joyas de esta semanita de cuchicheos:  Twitter no es una @RedSolidaridad no atendais peticiones por este  medio.<\/p>\n<blockquote class=\"twitter-tweet\">\n<p><a href=\"https:\/\/twitter.com\/DaniGuidox\">@DaniGuidox<\/a> <a href=\"https:\/\/twitter.com\/AlteaLaFea\">@AlteaLaFea<\/a> <a href=\"https:\/\/twitter.com\/Vortice34\">@Vortice34<\/a> <a href=\"https:\/\/twitter.com\/redvamas\">@redvamas<\/a> <a href=\"https:\/\/twitter.com\/EvaGonzlez4\">@EvaGonzlez4<\/a> Twitter no es una <a href=\"https:\/\/twitter.com\/RedSolidaridad\">@RedSolidaridad<\/a> no atendais peticiones por este medio<\/p>\n<p>&mdash; Ricardo Tormo (@RicardoTormo1) <a href=\"https:\/\/twitter.com\/RicardoTormo1\/statuses\/363601406432772098\">August 3, 2013<\/a><\/p><\/blockquote>\n<p><script async src=\"\/\/platform.twitter.com\/widgets.js\" charset=\"utf-8\"><\/script>Claro  eso lo dejamos para las ONG`S que son los profesionales y el que  parte y reparte&#8230;.<\/p>\n<blockquote class=\"twitter-tweet\">\n<p>RT<a href=\"https:\/\/twitter.com\/rafadelcastillo\">@rafadelcastillo<\/a> ONGs, desconectadas de la movilizaci\u00f3n social: \u00bfpor qu\u00e9? <a href=\"http:\/\/t.co\/YkaG0UR13H\">http:\/\/t.co\/YkaG0UR13H<\/a> NI NO GUBERNAMENTALES NI ORGANIZACIONES<\/p>\n<p>&mdash; Walo Le\u00f3n (@falsimedia) <a href=\"https:\/\/twitter.com\/falsimedia\/statuses\/363661453229694977\">August 3, 2013<\/a><\/p>\n<\/blockquote>\n<p>\n  <script async src=\"\/\/platform.twitter.com\/widgets.js\" charset=\"utf-8\"><\/script><br \/>\n  El Pobrecito Hablador 04-08-2013 a las y tantas<\/p>\n","protected":false},"excerpt":{"rendered":"<p>Todo esta influido ideologicamente y las guerras personales no est\u00e1n exentas. Menos en un medio de difusi\u00f3n masiva como Twitter que favorece el individualismo, el divismo y las enfermizas ansias de protagonismo que esta miseria social estimula hasta el paroxismo.(y dem\u00e1s ismos.#FindeLaCita) De entrada me repatea tener que dedicar tiempo a lo evidente, tenemos que [&hellip;]<\/p>\n","protected":false},"author":290,"featured_media":0,"comment_status":"open","ping_status":"closed","sticky":false,"template":"","format":"standard","meta":{"footnotes":""},"categories":[18],"tags":[],"class_list":["post-1791","post","type-post","status-publish","format-standard","hentry","category-actualidad"],"_links":{"self":[{"href":"https:\/\/elpobrecitohablador.es\/wordpress\/wp-json\/wp\/v2\/posts\/1791","targetHints":{"allow":["GET"]}}],"collection":[{"href":"https:\/\/elpobrecitohablador.es\/wordpress\/wp-json\/wp\/v2\/posts"}],"about":[{"href":"https:\/\/elpobrecitohablador.es\/wordpress\/wp-json\/wp\/v2\/types\/post"}],"author":[{"embeddable":true,"href":"https:\/\/elpobrecitohablador.es\/wordpress\/wp-json\/wp\/v2\/users\/290"}],"replies":[{"embeddable":true,"href":"https:\/\/elpobrecitohablador.es\/wordpress\/wp-json\/wp\/v2\/comments?post=1791"}],"version-history":[{"count":9,"href":"https:\/\/elpobrecitohablador.es\/wordpress\/wp-json\/wp\/v2\/posts\/1791\/revisions"}],"predecessor-version":[{"id":1802,"href":"https:\/\/elpobrecitohablador.es\/wordpress\/wp-json\/wp\/v2\/posts\/1791\/revisions\/1802"}],"wp:attachment":[{"href":"https:\/\/elpobrecitohablador.es\/wordpress\/wp-json\/wp\/v2\/media?parent=1791"}],"wp:term":[{"taxonomy":"category","embeddable":true,"href":"https:\/\/elpobrecitohablador.es\/wordpress\/wp-json\/wp\/v2\/categories?post=1791"},{"taxonomy":"post_tag","embeddable":true,"href":"https:\/\/elpobrecitohablador.es\/wordpress\/wp-json\/wp\/v2\/tags?post=1791"}],"curies":[{"name":"wp","href":"https:\/\/api.w.org\/{rel}","templated":true}]}}