{"id":1777,"date":"2013-05-13T23:15:32","date_gmt":"2013-05-13T22:15:32","guid":{"rendered":"http:\/\/elpobrecitohablador.es\/wordpress\/?p=1777"},"modified":"2013-05-14T01:11:17","modified_gmt":"2013-05-14T00:11:17","slug":"15m-aniversario-de-la-muerte-de-la-revolucionaria-rebeldia-de-los-oprimidos","status":"publish","type":"post","link":"https:\/\/elpobrecitohablador.es\/wordpress\/2013\/05\/13\/15m-aniversario-de-la-muerte-de-la-revolucionaria-rebeldia-de-los-oprimidos\/","title":{"rendered":"15M aniversario de la muerte de la revolucionaria rebeld\u00eda de los oprimidos"},"content":{"rendered":"<p>Despu\u00e9s de casi un a\u00f1ito de reflexi\u00f3n, debate y apartado de las redes, en esta re-vuelta solo tengo claro que la renuncia a las banderas (las del pueblo deber\u00edan haber cabido todas y solo ser excluidas las de los enemigos PP$OE y ac\u00f3litos) nos trajo la m\u00e1s rancia bandera del \u201cnazionalismo\u201d y la vuelta a las postrimer\u00edas del #franquismo con los #Falsimedia manipulando como nunca.<\/p>\n<p>Compruebo que es compartido este an\u00e1lisis por otros twiteros, y al contrario del #periodistayanky que se aparto de las redes un a\u00f1o y recay\u00f3 m\u00e1s #poyaboba que lo que se fue de las mismas, no re-vuelvo a este oficio de escribidor para re-engancharme, m\u00e1s bien al contrario para gritar que es hora de tomar la calle, abandonar nuestros m\u00e1s o menos c\u00f3modos asientos frente al  monitor y parar este acoso, este terrorismo de estado y masacre de puestos de trabajo, hogar y vidas dignas, o no nos lo perdonaremos, ni nos lo perdonaran nuestros hijos, a los nietos ya los hemos sacrificado en honor de nuestros miopes horizontes ego\u00edstas.<\/p>\n<p>La izquierda, los anarquistas, los leninistas, trosquistas, ecologistas y todos los que se digan anti-sistema capitalista, sino est\u00e1n por la unidad, en un frente amplio de los despose\u00eddos en alianza con clases medias, aut\u00f3nomos y pymes, no son nada de lo que dicen y menos antisistema.<\/p>\n<p>Solo la unidad de todas las banderas de los oprimidos y sus aliados puede hacer caer la bandera del genocidio social, y la liquidaci\u00f3n, por implosi\u00f3n del sistema, de todo el planeta. Ya tienen voluntarios para colonizar Marte y no volver. \u00bfCasualidad? <\/p>\n<p>Mientras, a las jovenes promesas de #IU como @agarzon les preocupa que los comparen con los @SanchezGordillo  que cada d\u00eda van a seguir apareciendo, \u00bfnadie se pregunta lo que le twitee a @agarzon?<\/p>\n<blockquote class=\"twitter-tweet\" lang=\"es\">\n<p><a href=\"https:\/\/twitter.com\/search\/%23Asaltar\u00edaSuper\">#Asaltar\u00edaSuper<\/a> @<a href=\"https:\/\/twitter.com\/agarzon\">agarzon<\/a> para dar de comer a ni\u00f1os q madres dejan sin recoger en el colegio y las detienen despu\u00e9s, <a href=\"https:\/\/twitter.com\/search\/%23Gordillo\">#Gordillo<\/a> si e <a href=\"https:\/\/twitter.com\/search\/%23IU\">#IU<\/a> ?<\/p>\n<p>&mdash; Walo Le\u00f3n (@falsimedia) <a href=\"https:\/\/twitter.com\/falsimedia\/status\/333963649431502848\">13 de mayo de 2013<\/a><\/p><\/blockquote>\n<p><script async src=\"\/\/platform.twitter.com\/widgets.js\" charset=\"utf-8\"><\/script><\/p>\n<p>Solo los #Falsimedia del exterior como el Independent ingl\u00e9s comparan #Marinaleda y el resto de Espa\u00f1a, donde muchos ayuntamientos son gobernados por #IU pero solo uno es de verdad de izquierdas, unidos con estos otros desunidos pero no revueltos.<\/p>\n<blockquote class=\"twitter-tweet\" lang=\"es\">\n<p>El 27% de los espa\u00f1oles est\u00e1n en paro, pero hay un pueblo donde todos trabajan. (The Guardian) <a href=\"http:\/\/t.co\/G6Bi9lCU2d\" title=\"http:\/\/www.independent.co.uk\/news\/world\/europe\/27-of-spaniards-are-out-of-work-yet-in-one-town-everyone-has-a-job-8612920.html\">independent.co.uk\/news\/world\/eur\u2026<\/a><\/p>\n<p>&mdash; LosP\u00e1jarosPican (@LosPajarosPican) <a href=\"https:\/\/twitter.com\/LosPajarosPican\/status\/333967474284457984\">13 de mayo de 2013<\/a><\/p><\/blockquote>\n<p><script async src=\"\/\/platform.twitter.com\/widgets.js\" charset=\"utf-8\"><\/script><\/p>\n<blockquote class=\"twitter-tweet\" lang=\"es\">\n<p>RT@<a href=\"https:\/\/twitter.com\/lospajarospican\">lospajarospican<\/a> 27% espa\u00f1olesparo,en 1 pueblo donde todos trabajan <a href=\"http:\/\/t.co\/qVZJcT1Iqa\" title=\"http:\/\/www.independent.co.uk\/news\/world\/europe\/27-of-spaniards-are-out-of-work-yet-in-one-town-everyone-has-a-job-8612920.html\">independent.co.uk\/news\/world\/eur\u2026<\/a> @<a href=\"https:\/\/twitter.com\/agarzon\">agarzon<\/a> @<a href=\"https:\/\/twitter.com\/revillamiguela\">revillamiguela<\/a> <a href=\"http:\/\/t.co\/vlp9hWPLmj\" title=\"http:\/\/youtu.be\/PmFq0Nmf660\">youtu.be\/PmFq0Nmf660<\/a><\/p>\n<p>&mdash; Walo Le\u00f3n (@falsimedia) <a href=\"https:\/\/twitter.com\/falsimedia\/status\/333974138035265536\">13 de mayo de 2013<\/a><\/p><\/blockquote>\n<p><script async src=\"\/\/platform.twitter.com\/widgets.js\" charset=\"utf-8\"><\/script><\/p>\n<p>Mal andamos mientras a los herederos de la \u201cReconciliaci\u00f3n Nacional\u201d con los #fascistas les siga preocupando, como a los #Carrillo, lo que dice la derecha y no lo que piensan los obreros de su renuncia a la lucha, a la Rep\u00fablica, y a denunciar la Monarcoboberia imperante con su Juan Carlismo baboso. <\/p>\n<blockquote class=\"twitter-tweet\" lang=\"es\">\n<p>1 a\u00f1ito del 15M y lo peor s q no hemos aprendido mucho, sigo oyendo lo mismo en PP$OE y enfrente una caja de grillos desafinaos sin unidad<\/p>\n<p>&mdash; Walo Le\u00f3n (@falsimedia) <a href=\"https:\/\/twitter.com\/falsimedia\/status\/333962058641072130\">13 de mayo de 2013<\/a><\/p><\/blockquote>\n<p><script async src=\"\/\/platform.twitter.com\/widgets.js\" charset=\"utf-8\"><\/script><\/p>\n<p>Solo nos salva de esta mediocridad de @DebatAlRojoVivo que es m\u00e1s bien amarillito, el optimismo gramsciano de la raz\u00f3n, que hoy nos dice: Que la mayor\u00eda con miles de banderas  de unidad dar\u00e1 al traste con tanta inmundicia intelectual de #correveydiles del #PP$OE tipo @pacomarhuenda o Miguel San Sebastian, ex-ministro, cobrando (y  a dios Rogando para que no se acabe el chollo)  por ser ex.<\/p>\n","protected":false},"excerpt":{"rendered":"<p>Despu\u00e9s de casi un a\u00f1ito de reflexi\u00f3n, debate y apartado de las redes, en esta re-vuelta solo tengo claro que la renuncia a las banderas (las del pueblo deber\u00edan haber cabido todas y solo ser excluidas las de los enemigos PP$OE y ac\u00f3litos) nos trajo la m\u00e1s rancia bandera del \u201cnazionalismo\u201d y la vuelta a [&hellip;]<\/p>\n","protected":false},"author":290,"featured_media":0,"comment_status":"open","ping_status":"closed","sticky":false,"template":"","format":"standard","meta":{"footnotes":""},"categories":[18],"tags":[],"class_list":["post-1777","post","type-post","status-publish","format-standard","hentry","category-actualidad"],"_links":{"self":[{"href":"https:\/\/elpobrecitohablador.es\/wordpress\/wp-json\/wp\/v2\/posts\/1777","targetHints":{"allow":["GET"]}}],"collection":[{"href":"https:\/\/elpobrecitohablador.es\/wordpress\/wp-json\/wp\/v2\/posts"}],"about":[{"href":"https:\/\/elpobrecitohablador.es\/wordpress\/wp-json\/wp\/v2\/types\/post"}],"author":[{"embeddable":true,"href":"https:\/\/elpobrecitohablador.es\/wordpress\/wp-json\/wp\/v2\/users\/290"}],"replies":[{"embeddable":true,"href":"https:\/\/elpobrecitohablador.es\/wordpress\/wp-json\/wp\/v2\/comments?post=1777"}],"version-history":[{"count":11,"href":"https:\/\/elpobrecitohablador.es\/wordpress\/wp-json\/wp\/v2\/posts\/1777\/revisions"}],"predecessor-version":[{"id":1788,"href":"https:\/\/elpobrecitohablador.es\/wordpress\/wp-json\/wp\/v2\/posts\/1777\/revisions\/1788"}],"wp:attachment":[{"href":"https:\/\/elpobrecitohablador.es\/wordpress\/wp-json\/wp\/v2\/media?parent=1777"}],"wp:term":[{"taxonomy":"category","embeddable":true,"href":"https:\/\/elpobrecitohablador.es\/wordpress\/wp-json\/wp\/v2\/categories?post=1777"},{"taxonomy":"post_tag","embeddable":true,"href":"https:\/\/elpobrecitohablador.es\/wordpress\/wp-json\/wp\/v2\/tags?post=1777"}],"curies":[{"name":"wp","href":"https:\/\/api.w.org\/{rel}","templated":true}]}}