{"id":1766,"date":"2012-07-29T04:03:00","date_gmt":"2012-07-29T03:03:00","guid":{"rendered":"http:\/\/elpobrecitohablador.es\/wordpress\/2012\/07\/29\/twitters-de-la-semana-2012-07-29-2\/"},"modified":"2012-07-29T12:48:49","modified_gmt":"2012-07-29T11:48:49","slug":"twitters-de-la-semana-2012-07-29-2","status":"publish","type":"post","link":"https:\/\/elpobrecitohablador.es\/wordpress\/2012\/07\/29\/twitters-de-la-semana-2012-07-29-2\/","title":{"rendered":"Twitters destacados Semana 2012-07-29"},"content":{"rendered":"<blockquote class=\"twitter-tweet\" lang=\"es\">\n<p>En fin, como dijo House \u00ab&#8216;Si se pudiera razonar con gente religiosa , no habr\u00eda gente religiosa\u00bb <a href=\"https:\/\/twitter.com\/search\/%2523abortolibre\">#abortolibre<\/a><\/p>\n<p>&mdash; MordorPress (@MordorMirror) <a href=\"https:\/\/twitter.com\/MordorMirror\/status\/227338484300517376\" data-datetime=\"2012-07-23T09:44:53+00:00\">julio 23, 2012<\/a><\/p><\/blockquote>\n<p><script src=\"\/\/platform.twitter.com\/widgets.js\" charset=\"utf-8\"><\/script><br \/>\n<\/p>\n<blockquote class=\"twitter-tweet\" lang=\"es\">\n<p>Si te sientes peque\u00f1o y poca cosa para luchar recuerda lo q jode un solo mosquito en una habitaci\u00f3n,jodamos como mosquitos a este <a href=\"https:\/\/twitter.com\/search\/%2523R\u00e9gimen\">#R\u00e9gimen<\/a><\/p>\n<p>&mdash; Walo Le\u00f3n (@falsimedia) <a href=\"https:\/\/twitter.com\/falsimedia\/status\/227341619223998464\" data-datetime=\"2012-07-23T09:57:20+00:00\">julio 23, 2012<\/a><\/p><\/blockquote>\n<p><script src=\"\/\/platform.twitter.com\/widgets.js\" charset=\"utf-8\"><\/script><br \/>\n<\/p>\n<blockquote class=\"twitter-tweet\" data-in-reply-to=\"227341439544209410\" lang=\"es\">\n<p>@<a href=\"https:\/\/twitter.com\/DebatAlRojoVivo\">DebatAlRojoVivo<\/a> @<a href=\"https:\/\/twitter.com\/laSextaTV\">laSextaTV<\/a> Debate casin\u00e1, perogrulladas, demagogias,fachadas e ignorantadas a borbotones, @<a href=\"https:\/\/twitter.com\/pacomarhuenda\">pacomarhuenda<\/a> notorio <a href=\"https:\/\/twitter.com\/search\/%2523pesebrero\">#pesebrero<\/a><\/p>\n<p>&mdash; Walo Le\u00f3n (@falsimedia) <a href=\"https:\/\/twitter.com\/falsimedia\/status\/227344622777675776\" data-datetime=\"2012-07-23T10:09:16+00:00\">julio 23, 2012<\/a><\/p><\/blockquote>\n<p><script src=\"\/\/platform.twitter.com\/widgets.js\" charset=\"utf-8\"><\/script><br \/>\n<\/p>\n<blockquote class=\"twitter-tweet\" lang=\"es\">\n<p>Jordi Arasa, un subinspector de Mossos que detiene a discapacitados, es denunciado por tortura f\u00edsica y mental <a href=\"http:\/\/t.co\/zlzpDo5w\" title=\"http:\/\/ow.ly\/cqjMI\">ow.ly\/cqjMI<\/a><\/p>\n<p>&mdash; Tuitformaci\u00f3n (@tuitformacion) <a href=\"https:\/\/twitter.com\/tuitformacion\/status\/227344411950972928\" data-datetime=\"2012-07-23T10:08:26+00:00\">julio 23, 2012<\/a><\/p><\/blockquote>\n<p><script src=\"\/\/platform.twitter.com\/widgets.js\" charset=\"utf-8\"><\/script><br \/>\n<\/p>\n<blockquote class=\"twitter-tweet\" lang=\"es\">\n<p>Cortada la Castellana altura Nuevos Ministerios, como cada d\u00eda, por los funcionarios. Y el Gobierno sigue sin reaccionar&#8230;<\/p>\n<p>&mdash; Alberto Sotillos (@AlbertoSotillos) <a href=\"https:\/\/twitter.com\/AlbertoSotillos\/status\/227343918122029056\" data-datetime=\"2012-07-23T10:06:28+00:00\">julio 23, 2012<\/a><\/p><\/blockquote>\n<p><script src=\"\/\/platform.twitter.com\/widgets.js\" charset=\"utf-8\"><\/script><br \/>\n<\/p>\n<blockquote class=\"twitter-tweet\" data-in-reply-to=\"227354906175107072\" lang=\"es\">\n<p>RT @<a href=\"https:\/\/twitter.com\/FacuDiazT\">FacuDiazT<\/a> Fidel Castro cort\u00f3 personalmente frenos dl coche d Oswaldo Pay\u00e1 mientras cantaba La Internacional, seg\u00fan informa @<a href=\"https:\/\/twitter.com\/yoanisanchez\">yoanisanchez<\/a><\/p>\n<p>&mdash; Walo Le\u00f3n (@falsimedia) <a href=\"https:\/\/twitter.com\/falsimedia\/status\/227367158764675072\" data-datetime=\"2012-07-23T11:38:49+00:00\">julio 23, 2012<\/a><\/p><\/blockquote>\n<p><script src=\"\/\/platform.twitter.com\/widgets.js\" charset=\"utf-8\"><\/script><br \/>\n<\/p>\n<blockquote class=\"twitter-tweet\" lang=\"es\">\n<p>Hola modernis y posmodernis: lo de \u00abni de derechas ni de izquierdas\u00bb es de 1933 (JoseAntonio) antiguo, obsoleto, rancio&#8230; De nada compis<\/p>\n<p>&mdash; Kolontai(@kolontai1959) <a href=\"https:\/\/twitter.com\/kolontai1959\/status\/227350126644035584\" data-datetime=\"2012-07-23T10:31:08+00:00\">julio 23, 2012<\/a><\/p><\/blockquote>\n<p><script src=\"\/\/platform.twitter.com\/widgets.js\" charset=\"utf-8\"><\/script><\/p>\n","protected":false},"excerpt":{"rendered":"<p>En fin, como dijo House \u00ab&#8216;Si se pudiera razonar con gente religiosa , no habr\u00eda gente religiosa\u00bb #abortolibre &mdash; MordorPress (@MordorMirror) julio 23, 2012 Si te sientes peque\u00f1o y poca cosa para luchar recuerda lo q jode un solo mosquito en una habitaci\u00f3n,jodamos como mosquitos a este #R\u00e9gimen &mdash; Walo Le\u00f3n (@falsimedia) julio 23, 2012 [&hellip;]<\/p>\n","protected":false},"author":290,"featured_media":0,"comment_status":"open","ping_status":"closed","sticky":false,"template":"","format":"standard","meta":{"footnotes":""},"categories":[369],"tags":[525],"class_list":["post-1766","post","type-post","status-publish","format-standard","hentry","category-sopa","tag-sopa"],"_links":{"self":[{"href":"https:\/\/elpobrecitohablador.es\/wordpress\/wp-json\/wp\/v2\/posts\/1766","targetHints":{"allow":["GET"]}}],"collection":[{"href":"https:\/\/elpobrecitohablador.es\/wordpress\/wp-json\/wp\/v2\/posts"}],"about":[{"href":"https:\/\/elpobrecitohablador.es\/wordpress\/wp-json\/wp\/v2\/types\/post"}],"author":[{"embeddable":true,"href":"https:\/\/elpobrecitohablador.es\/wordpress\/wp-json\/wp\/v2\/users\/290"}],"replies":[{"embeddable":true,"href":"https:\/\/elpobrecitohablador.es\/wordpress\/wp-json\/wp\/v2\/comments?post=1766"}],"version-history":[{"count":4,"href":"https:\/\/elpobrecitohablador.es\/wordpress\/wp-json\/wp\/v2\/posts\/1766\/revisions"}],"predecessor-version":[{"id":1771,"href":"https:\/\/elpobrecitohablador.es\/wordpress\/wp-json\/wp\/v2\/posts\/1766\/revisions\/1771"}],"wp:attachment":[{"href":"https:\/\/elpobrecitohablador.es\/wordpress\/wp-json\/wp\/v2\/media?parent=1766"}],"wp:term":[{"taxonomy":"category","embeddable":true,"href":"https:\/\/elpobrecitohablador.es\/wordpress\/wp-json\/wp\/v2\/categories?post=1766"},{"taxonomy":"post_tag","embeddable":true,"href":"https:\/\/elpobrecitohablador.es\/wordpress\/wp-json\/wp\/v2\/tags?post=1766"}],"curies":[{"name":"wp","href":"https:\/\/api.w.org\/{rel}","templated":true}]}}