{"id":1654,"date":"2012-07-03T18:17:41","date_gmt":"2012-07-03T17:17:41","guid":{"rendered":"http:\/\/elpobrecitohablador.es\/wordpress\/?p=1654"},"modified":"2012-07-03T18:54:22","modified_gmt":"2012-07-03T17:54:22","slug":"cinera-en-estado-de-sitio-picoletos-a-la-caza-del-minero","status":"publish","type":"post","link":"https:\/\/elpobrecitohablador.es\/wordpress\/2012\/07\/03\/cinera-en-estado-de-sitio-picoletos-a-la-caza-del-minero\/","title":{"rendered":"Ci\u00f1era en Estado de Sitio &#8211; Picoletos a la caza del Minero"},"content":{"rendered":"<div><img loading=\"lazy\" decoding=\"async\" class=\"aligncenter size-full wp-image-1656\" style=\"margin: 15px;\" title=\"cinera3-7-2012\" src=\"https:\/\/elpobrecitohablador.es\/wordpress\/wp-content\/uploads\/2012\/07\/cinera3-7-2012.jpg\" alt=\"\" width=\"600\" height=\"337\" srcset=\"https:\/\/elpobrecitohablador.es\/wordpress\/wp-content\/uploads\/2012\/07\/cinera3-7-2012.jpg 600w, https:\/\/elpobrecitohablador.es\/wordpress\/wp-content\/uploads\/2012\/07\/cinera3-7-2012-300x168.jpg 300w\" sizes=\"auto, (max-width: 600px) 100vw, 600px\" \/><\/div>\n<div>\n<div id=\"cuerpo_texto\">Fuente: <strong>A. Cubillas<\/strong>\u00a0\u00a0\u00a0\u00a0\u00a0\u00a0 20\/06\/2012<\/div>\n<div><a href=\"http:\/\/www.leonoticias.com\/frontend\/leonoticias\/Guerra-Abierta-En-Cinera-vn100472-vst445\">http:\/\/www.leonoticias.com\/frontend\/leonoticias\/Guerra-Abierta-En-Cinera-vn100472-vst445<\/a><\/div>\n<div>Las calles de Ci\u00f1era se han convertido de nuevo este martes en una campo de batalla entre los antidisturbios de la Guardia Civil y los piquetes mineros en protesta por los recortes en la miner\u00eda.Las barricadas realizadas por los mineros en la Nacional 630 apenas han contenido el avance de los efectivos de la Guardia Civil llegados a este punto para levantar las cortes. All\u00ed los mineros les esperaban anunciando una guerra que no tard\u00f3 en estallar.En esta ocasi\u00f3n ni negociaci\u00f3n, ni retrocesos, ni enfrentamiento en la nacional. De inmediato los efectivos han accedido a la localidad a trav\u00e9s del paseo Bernesga dando lugar a un fuerte enfrentamiento que ha llegado a la calle pr\u00edncipe de Asturias y al parque infantil situados el centro de Ci\u00f1era.Durante algo m\u00e1s de 45 minutos Ci\u00f1era se convirti\u00f3 en un escenario de guerra inmerso en un impresionante e incesante estruendo de disparos, petardos y cohetes que cruzaban una y otra vez sin miramientos por las calles de la localidad leonesa.<img loading=\"lazy\" decoding=\"async\" title=\"espejominero\" src=\"https:\/\/elpobrecitohablador.es\/wordpress\/wp-content\/uploads\/2012\/07\/espejominero.jpg\" alt=\"\" width=\"650\" height=\"1104\" \/><\/p>\n<p><strong>Un minero, con un &#8216;espejo de se\u00f1ales&#8217;, este martes en Ci\u00f1era. (Foto: Campillo) <\/strong><\/p>\n<p>Un enfrentamiento \u201csin precedentes\u201d, seg\u00fan relataban algunos vecinos, que se vieron obligados a resguardarse en el interior de sus viviendas al igual que los numerosos miembros de la prensa local, nacional e internacional que se encontraba cubriendo la protestas minera.<\/p>\n<p>Finalmente, tras casi una hora momentos de tensi\u00f3n los mineros consiguieron replegar a los antidisturbios que abandonaron la localidad y que durante el enfrentamiento han desplegado una importante &#8216;dosis&#8217; de material antidisturbios<\/p>\n<p><strong>En alerta ante un nuevo ataque<\/strong><\/p>\n<p>Sin embargo, los mineros cautos y a la espera de un nuevo ataque se mantuvieron en alerta detr\u00e1s de las barricadas incluso medio hora despu\u00e9s de el repliegue de los efectivos ante la presencia de un helic\u00f3ptero de la Guardia Civil que realiz\u00f3 varias pasadas por la localidad.<\/p>\n<p>Ante esto, el alcalde de la localidad, Francisco Casta\u00f1\u00f3n, ya advert\u00eda que \u00ablo pactado\u00bb es que no regresen los antidisturbios \u00aby que cese el enfrentamiento\u00bb. Casta\u00f1\u00f3n tambi\u00e9n ha se\u00f1alado a leonotidias.com que el de este martes \u00abha sido el enfrenatamiento m\u00e1s duro vivido desde el inicio del conflicto\u00bb.<\/p>\n<p><strong><\/strong><strong><img loading=\"lazy\" decoding=\"async\" title=\"cortecinera\" src=\"https:\/\/elpobrecitohablador.es\/wordpress\/wp-content\/uploads\/2012\/07\/cortecinera.jpg\" alt=\"\" width=\"650\" height=\"490\" \/><\/strong><\/p>\n<p><strong>Guardias civiles ganan terreno entre las barricadas de los mineros. (Foto: Campillo)<\/strong><\/p>\n<p>Durante los enfrentamientos al menos un periodista ha resultado alcanzado por una pelota de goma y dos mineros y un antidisturbios han resultado heridos. Un \u2018batalla\u2019 que ha dejado huella en el paisaje de Ci\u00f1era donde ya se han destrozado m\u00e1s de la mitad de los contenedores, seg\u00fan ha destacado el alcalde de Pola de Gord\u00f3n.<\/p>\n<p>Un brutal choque el vivido este martes en Ci\u00f1era que ha vuelto a despertar la rabia y la impotencia de los mineros que claman al Gobierno que de una vez por todas ponga fin a este conflicto.<\/p>\n<p>Una nueva medida de protestas que llegaba en la antesala de la votaci\u00f3n del Senado donde se podr\u00eda ratificar el corte del 63% de las ayudas a la miner\u00eda. De ah\u00ed que los \u00e1nimos estuvieran m\u00e1s caldeados que nunca en esta vig\u00e9simo tercera jornada de huelga general con car\u00e1cter indefinido que no parece que vaya a tener fin.<\/p>\n<p><strong><img loading=\"lazy\" decoding=\"async\" title=\"apuntadomineros\" src=\"https:\/\/elpobrecitohablador.es\/wordpress\/wp-content\/uploads\/2012\/07\/apuntadomineros.jpg\" alt=\"\" width=\"650\" height=\"488\" \/><\/strong><\/p>\n<p><strong>Un antidisturbios dispara sobre un grupo de mineros, al fondo. (Foto: Campillo)<\/strong><\/p>\n<\/div>\n<\/div>\n<p><center><iframe loading=\"lazy\" width=\"640\" height=\"360\" src=\"https:\/\/www.youtube.com\/embed\/fCGG5B846J8?feature=player_embedded\" frameborder=\"0\" allowfullscreen><\/iframe><\/center><\/p>\n","protected":false},"excerpt":{"rendered":"<p>Fuente: A. Cubillas\u00a0\u00a0\u00a0\u00a0\u00a0\u00a0 20\/06\/2012 http:\/\/www.leonoticias.com\/frontend\/leonoticias\/Guerra-Abierta-En-Cinera-vn100472-vst445 Las calles de Ci\u00f1era se han convertido de nuevo este martes en una campo de batalla entre los antidisturbios de la Guardia Civil y los piquetes mineros en protesta por los recortes en la miner\u00eda.Las barricadas realizadas por los mineros en la Nacional 630 apenas han contenido el avance de [&hellip;]<\/p>\n","protected":false},"author":290,"featured_media":0,"comment_status":"open","ping_status":"closed","sticky":false,"template":"","format":"standard","meta":{"footnotes":""},"categories":[337,200,199,208,19,368],"tags":[494,448,103,450,447,449,491,4],"class_list":["post-1654","post","type-post","status-publish","format-standard","hentry","category-anfifascismo","category-huelga-general","category-lucha-de-clases","category-lucha-obrera","category-prensa-alternativa","category-red-libre","tag-anticapitalismo","tag-cinera","tag-clase-obrera","tag-lucha-minera","tag-marcha-negra","tag-resistencia-cinera","tag-terrorismo-de-estado","tag-violencia"],"_links":{"self":[{"href":"https:\/\/elpobrecitohablador.es\/wordpress\/wp-json\/wp\/v2\/posts\/1654","targetHints":{"allow":["GET"]}}],"collection":[{"href":"https:\/\/elpobrecitohablador.es\/wordpress\/wp-json\/wp\/v2\/posts"}],"about":[{"href":"https:\/\/elpobrecitohablador.es\/wordpress\/wp-json\/wp\/v2\/types\/post"}],"author":[{"embeddable":true,"href":"https:\/\/elpobrecitohablador.es\/wordpress\/wp-json\/wp\/v2\/users\/290"}],"replies":[{"embeddable":true,"href":"https:\/\/elpobrecitohablador.es\/wordpress\/wp-json\/wp\/v2\/comments?post=1654"}],"version-history":[{"count":8,"href":"https:\/\/elpobrecitohablador.es\/wordpress\/wp-json\/wp\/v2\/posts\/1654\/revisions"}],"predecessor-version":[{"id":1666,"href":"https:\/\/elpobrecitohablador.es\/wordpress\/wp-json\/wp\/v2\/posts\/1654\/revisions\/1666"}],"wp:attachment":[{"href":"https:\/\/elpobrecitohablador.es\/wordpress\/wp-json\/wp\/v2\/media?parent=1654"}],"wp:term":[{"taxonomy":"category","embeddable":true,"href":"https:\/\/elpobrecitohablador.es\/wordpress\/wp-json\/wp\/v2\/categories?post=1654"},{"taxonomy":"post_tag","embeddable":true,"href":"https:\/\/elpobrecitohablador.es\/wordpress\/wp-json\/wp\/v2\/tags?post=1654"}],"curies":[{"name":"wp","href":"https:\/\/api.w.org\/{rel}","templated":true}]}}