{"id":1622,"date":"2012-06-29T06:50:54","date_gmt":"2012-06-29T05:50:54","guid":{"rendered":"http:\/\/elpobrecitohablador.es\/wordpress\/?p=1622"},"modified":"2012-06-29T06:59:18","modified_gmt":"2012-06-29T05:59:18","slug":"huelga-en-sanidad-canaria-3-de-julio","status":"publish","type":"post","link":"https:\/\/elpobrecitohablador.es\/wordpress\/2012\/06\/29\/huelga-en-sanidad-canaria-3-de-julio\/","title":{"rendered":"Huelga en Sanidad Canaria &#8211; 3 de Julio"},"content":{"rendered":"<p style=\"text-align: justify;\">PARO EN LA SANIDAD P\u00daBLICA CANARIA EN PROTESTA POR EL DESMANTELAMIENTO Y DETERIORO PROGRESIVO DE NUESTRA SANIDAD.<\/p>\n<p style=\"text-align: justify;\">el d\u00eda 3 de julio, el paro es SOLO DE M\u00c9DICOS, por alguna curiosa raz\u00f3n, por muy mal que est\u00e9n las cosas en LA SANIDAD P\u00daBLICA, los m\u00e9dicos prefieren seguir estando aparte del resto del personal \u00bf?<br \/>\n<a id=\"js_2\" href=\"http:\/\/www.facebook.com\/joaquin.sagasetaparadas\" target=\"_blank\" data-ft=\"{&quot;type&quot;:35,&quot;tn&quot;:&quot;;&quot;}\" data-hovercard=\"\/ajax\/hovercard\/user.php?id=100003064040525\">Joaquin Sagaseta Paradas<\/a>\u00a0A mi juicio resulta muy importante que el colectivo de medicos se incorpore a una denuncia y a una\u00a0\u00a0 lucha tan trascendente. Seguramente ser\u00eda mejor ensanchar y unificar su base&#8230;todo se andar\u00e1 pero no debemos menospreciar, ni lo mas minimo, estos pasos del colectivo de medicos.<\/p>\n<p><img loading=\"lazy\" decoding=\"async\" class=\"aligncenter size-full wp-image-1623\" title=\"huelsanidad\" src=\"https:\/\/elpobrecitohablador.es\/wordpress\/wp-content\/uploads\/2012\/06\/huelsanidad.jpg\" alt=\"\" width=\"633\" height=\"449\" srcset=\"https:\/\/elpobrecitohablador.es\/wordpress\/wp-content\/uploads\/2012\/06\/huelsanidad.jpg 633w, https:\/\/elpobrecitohablador.es\/wordpress\/wp-content\/uploads\/2012\/06\/huelsanidad-300x212.jpg 300w\" sizes=\"auto, (max-width: 633px) 100vw, 633px\" \/><\/p>\n","protected":false},"excerpt":{"rendered":"<p>PARO EN LA SANIDAD P\u00daBLICA CANARIA EN PROTESTA POR EL DESMANTELAMIENTO Y DETERIORO PROGRESIVO DE NUESTRA SANIDAD. el d\u00eda 3 de julio, el paro es SOLO DE M\u00c9DICOS, por alguna curiosa raz\u00f3n, por muy mal que est\u00e9n las cosas en LA SANIDAD P\u00daBLICA, los m\u00e9dicos prefieren seguir estando aparte del resto del personal \u00bf? Joaquin [&hellip;]<\/p>\n","protected":false},"author":290,"featured_media":0,"comment_status":"open","ping_status":"closed","sticky":false,"template":"","format":"standard","meta":{"footnotes":""},"categories":[3,200,442,392,15],"tags":[494,487,103,443,528,492],"class_list":["post-1622","post","type-post","status-publish","format-standard","hentry","category-canarias","category-huelga-general","category-huelga-sanitaria","category-salud","category-salud-mental","tag-anticapitalismo","tag-canarias","tag-clase-obrera","tag-huelga-en-sanidad-canaria","tag-salud","tag-salud-mental"],"_links":{"self":[{"href":"https:\/\/elpobrecitohablador.es\/wordpress\/wp-json\/wp\/v2\/posts\/1622","targetHints":{"allow":["GET"]}}],"collection":[{"href":"https:\/\/elpobrecitohablador.es\/wordpress\/wp-json\/wp\/v2\/posts"}],"about":[{"href":"https:\/\/elpobrecitohablador.es\/wordpress\/wp-json\/wp\/v2\/types\/post"}],"author":[{"embeddable":true,"href":"https:\/\/elpobrecitohablador.es\/wordpress\/wp-json\/wp\/v2\/users\/290"}],"replies":[{"embeddable":true,"href":"https:\/\/elpobrecitohablador.es\/wordpress\/wp-json\/wp\/v2\/comments?post=1622"}],"version-history":[{"count":4,"href":"https:\/\/elpobrecitohablador.es\/wordpress\/wp-json\/wp\/v2\/posts\/1622\/revisions"}],"predecessor-version":[{"id":1625,"href":"https:\/\/elpobrecitohablador.es\/wordpress\/wp-json\/wp\/v2\/posts\/1622\/revisions\/1625"}],"wp:attachment":[{"href":"https:\/\/elpobrecitohablador.es\/wordpress\/wp-json\/wp\/v2\/media?parent=1622"}],"wp:term":[{"taxonomy":"category","embeddable":true,"href":"https:\/\/elpobrecitohablador.es\/wordpress\/wp-json\/wp\/v2\/categories?post=1622"},{"taxonomy":"post_tag","embeddable":true,"href":"https:\/\/elpobrecitohablador.es\/wordpress\/wp-json\/wp\/v2\/tags?post=1622"}],"curies":[{"name":"wp","href":"https:\/\/api.w.org\/{rel}","templated":true}]}}