{"id":1454,"date":"2012-01-31T12:26:07","date_gmt":"2012-01-31T12:26:07","guid":{"rendered":"http:\/\/elpobrecitohablador.es\/wordpress\/?p=1454"},"modified":"2012-02-01T17:31:22","modified_gmt":"2012-02-01T17:31:22","slug":"einstein-vs-gene-sharp","status":"publish","type":"post","link":"https:\/\/elpobrecitohablador.es\/wordpress\/2012\/01\/31\/einstein-vs-gene-sharp\/","title":{"rendered":"Einstein Vs. Gene Sharp"},"content":{"rendered":"<p style=\"text-align: justify;\"><img loading=\"lazy\" decoding=\"async\" class=\"alignleft size-full wp-image-1456\" style=\"margin: 15px;\" title=\"Milton Friedman\" src=\"https:\/\/elpobrecitohablador.es\/wordpress\/wp-content\/uploads\/2012\/01\/milton-friedman.jpg\" alt=\"\" width=\"267\" height=\"180\" srcset=\"https:\/\/elpobrecitohablador.es\/wordpress\/wp-content\/uploads\/2012\/01\/milton-friedman.jpg 500w, https:\/\/elpobrecitohablador.es\/wordpress\/wp-content\/uploads\/2012\/01\/milton-friedman-300x202.jpg 300w\" sizes=\"auto, (max-width: 267px) 100vw, 267px\" \/>De la dictadura a la democracia por Gene Sharp lo pasan por la P\u00fablica y Democracia Real le baila la ola difundi\u00e9ndolo por las redes, debe ser que ahora que gobiernan los #PP del binomio #PPSOE su TV pasa a ser m\u00e1s cre\u00edble;\u00a0 en fin, bastante le ha respondido en Internet como para darles m\u00e1s cancha:<br \/>\nPost Marian Dominguez en FacistBook: No se dejen enga\u00f1ar por este viejito, realmente trabaja para la CIA, les interesa que el pueblo derroque a los dictadores sin violencia, es posible, pero en Serbia, sigue el capitalismo, en Egipto est\u00e1 en manos del ej\u00e9rcito que a su vez est\u00e1 bajo los mandos USA, a Libia se lo salta porque sabe que no hubo una revoluci\u00f3n previa a la intervenci\u00f3n USA, y llega a afirmar que en Venezuela tambi\u00e9n hay un movimiento pacifista contra Chavez (una manifestaci\u00f3n reprimida en Venezuela saldr\u00eda en todos los telediarios). EL DEBIL TIENE EL DERECHO DE USAR LAS MIMAS ARMAS QUE LOS OPRESORES (Nelson Mandela) Queremos cambiar el sistema pero no nos dejaremos matar.<br \/>\nSolo recomendarles ver y leer como apoyo a todo lo anterior:<br \/>\nLeer: <a href=\"https:\/\/elpobrecitohablador.es\/wordpress\/libros\/einstein-porquesocialismo.html\" target=\"_blank\">\u00bfPor qu\u00e9 socialismo? \u2013 Albert Einstein<\/a><br \/>\n<strong>Ver el documental de Naomi Klein m\u00e1s abajo sobre la \u00abDoctrina del shock\u00bb<\/strong><br \/>\nOir esta conferencia: <a href=\"https:\/\/elpobrecitohablador.es\/wordpress\/libros\/PeterGelderloosCmoLaNo-violenciaDefiendeAlEstado.mp3\" target=\"_blank\">Conferencia Peter Gelderloos &#8211;\u00a0 Audio<\/a><br \/>\nY leer este si libro y no librito: <a href=\"https:\/\/elpobrecitohablador.es\/wordpress\/libros\/noviolencia.pdf\" target=\"_blank\">C\u00f3mo la no violencia protege al Estado \u2013 Peter Gelderloos \u2013 Pdf<\/a><br \/>\nComo es f\u00e1cil deducir derrotar a una dictadura y m\u00e1s con el apoyo medi\u00e1tico, financiero y militar de las dictaduras del capital es facil\u00edsimo, lo dif\u00edcil es derrotar a esos capitalistas e imperialistas que estudian hasta marxismo y saben m\u00e1s que los ratones coloraos.<br \/>\nDeducci\u00f3n: Tenemos que aplicar una inteligencia superior, que siempre es la colectiva y cuya \u00fanica regla es que todo se discute;\u00a0 por tanto, someter a debate\u00a0 incluso las v\u00edas hoy tan alabadas por el imperio y sus corifeos, adoptando las que colectivamente veamos como m\u00e1s liberadoras y eficaces para conseguir con el menor esfuerzo en vidas, un mundo sin las cadenas de la esclavitud.<br \/>\nTarea que al menos pasa por la m\u00e1s absoluta de las libertades de expresi\u00f3n y difusi\u00f3n en igualdad, de todas las ideas y alternativas, con la \u00fanica condici\u00f3n de que sean anticapitalistas.<\/p>\n<h2 style=\"text-align: justify;\"><strong>La doctrina del shock. Documental<\/strong><\/h2>\n<p style=\"text-align: justify;\">Se han utilizado t\u00e9cnicas cuanto menos inmorales para implantar la idea de Milton Friedman de liberalizaci\u00f3n frente al intervencionismo estatal. Ha sido puesta en marcha en varios pa\u00edses en los \u00faltimos 50 a\u00f1os. B\u00e1sicamente quiere decir que lo m\u00e1s eficiente es dejar que los mercados autorregulen todos los sectores de la econom\u00eda y el control quede en manos de empresas privadas que operen en mercados con competencia perfecta. El problema es que la competencia perfecta es un utop\u00eda y m\u00e1s en la \u00e9poca de las grandes corporaciones. Esa idea conlleva que los estados dejen de intervenir en la econom\u00eda reduciendo impuestos y minimizando gasto p\u00fablico.<br \/>\nL\u00f3gicamente no es f\u00e1cil hacer tragar a la poblaci\u00f3n a un proceso de liberalizaci\u00f3n de todos los sectores que usualmente est\u00e1n controlados por el sector p\u00fablico. Hay bienes que han sido siempre prove\u00eddos por el estado. No obstante, tienen sus t\u00e9cnicas para que las sociedades no se planteen estos cambios m\u00e1s de la cuenta.<br \/>\nLa doctrina del shock consiste en intentar borrar de las mentes de los ciudadanos el c\u00f3mo funcionaban las cosas antes de un shock. La filosof\u00eda es tan sencilla como producir un shock tan grande en la poblaci\u00f3n que provoque que no puedan preocuparse de nada m\u00e1s que de las consecuencias de su reciente trauma.<\/p>\n<p style=\"text-align: justify;\">El pa\u00eds cobaya ha sido Chile. Normalmente el shock se produce con una guerra como ocurri\u00f3 en el caso de Chile o Irak pero si esto se quiere traer a Europa, no vale la guerra, el shock debe ser otro.<br \/>\nMe gustar\u00eda que vieran este documental teniendo muy presente que este colapso financiero que estamos viviendo en Europa puede tratarse de un shock que permita la liberalizaci\u00f3n salvaje de todo lo que los estados han considerado hasta ahora como servicios p\u00fablicos propios de un estado de bienestar. Nos quieren quitar los servicios p\u00fablicos y este documental muestra las t\u00e9cnicas que han venido utilizando en otros pa\u00edses. Espero que os guste la clase de historia pero como en todos los documentales de este tipo, invito a verlo con un sentido cr\u00edtico.<\/p>\n<p>Fuente: http:\/\/razonesparalarebeldia.com\/la-doctrina-del-shock.php<\/p>\n<p>&nbsp;<\/p>\n<p><center><br \/>\n<iframe loading=\"lazy\" src=\"http:\/\/www.youtube.com\/embed\/gP591bZNc0I\" frameborder=\"0\" width=\"560\" height=\"315\"><\/iframe><\/center><\/p>\n<p style=\"text-align: justify;\">La respuesta a la obscena propaganda de la CIA que representa el video \u00abDe la dictadura a la democracia\u00bb, besamanos del \u00absabio\u00bb Gene Sharp, la podemos encontrar en este segundo video sobre \u00abEl orden criminal del mundo\u00bb, que con solo ponerlo en las escuelas, institutos y universidades tendr\u00edamos much\u00edsima m\u00e1s cultura y por supuesto evitar\u00edamos las muertes de m\u00e1s ni\u00f1os que veces respiramos x minuto.<\/p>\n<p style=\"text-align: justify;\">En cambio lo que nos venden a todas horas y por todos, incluida Democracia Real Ya, es la propaganda m\u00e1s burda que pueda imaginarse sobre un se\u00f1or que adem\u00e1s se atreve a usar el nombre del valios\u00edsimo Einstein pero de su posici\u00f3n socialista-marxista ni muuu&#8230;, por si las moscas, a los esclavos les da por seguir investigando y llegar a pensar de forma aut\u00f3noma.<\/p>\n<p>&nbsp;<\/p>\n<p><center><iframe loading=\"lazy\" src=\"http:\/\/www.youtube.com\/embed\/OriliLeU5sQ\" frameborder=\"0\" width=\"420\" height=\"315\"><\/iframe><\/center><\/p>\n","protected":false},"excerpt":{"rendered":"<p>De la dictadura a la democracia por Gene Sharp lo pasan por la P\u00fablica y Democracia Real le baila la ola difundi\u00e9ndolo por las redes, debe ser que ahora que gobiernan los #PP del binomio #PPSOE su TV pasa a ser m\u00e1s cre\u00edble;\u00a0 en fin, bastante le ha respondido en Internet como para darles m\u00e1s [&hellip;]<\/p>\n","protected":false},"author":290,"featured_media":0,"comment_status":"open","ping_status":"closed","sticky":false,"template":"","format":"standard","meta":{"footnotes":""},"categories":[241,18,17,112,57,328,199,208,9,22,327,19,320,14,214],"tags":[514,494,499,373,488,375,374,497,376,491,55,4],"class_list":["post-1454","post","type-post","status-publish","format-standard","hentry","category-15m","category-actualidad","category-anticapitalismo","category-antimperialismo","category-derechos-humanos","category-egipto","category-lucha-de-clases","category-lucha-obrera","category-marxismo","category-pensamiento-libre","category-plaza-tahrir","category-prensa-alternativa","category-siria","category-terrorismo-de-estado","category-torturadores","tag-15m","tag-anticapitalismo","tag-derechos-humanos","tag-doctrina-del-shock","tag-marxismo","tag-milton-friedman","tag-naomi-klein","tag-pensamiento-libre","tag-pinochet","tag-terrorismo-de-estado","tag-torturas","tag-violencia"],"_links":{"self":[{"href":"https:\/\/elpobrecitohablador.es\/wordpress\/wp-json\/wp\/v2\/posts\/1454","targetHints":{"allow":["GET"]}}],"collection":[{"href":"https:\/\/elpobrecitohablador.es\/wordpress\/wp-json\/wp\/v2\/posts"}],"about":[{"href":"https:\/\/elpobrecitohablador.es\/wordpress\/wp-json\/wp\/v2\/types\/post"}],"author":[{"embeddable":true,"href":"https:\/\/elpobrecitohablador.es\/wordpress\/wp-json\/wp\/v2\/users\/290"}],"replies":[{"embeddable":true,"href":"https:\/\/elpobrecitohablador.es\/wordpress\/wp-json\/wp\/v2\/comments?post=1454"}],"version-history":[{"count":9,"href":"https:\/\/elpobrecitohablador.es\/wordpress\/wp-json\/wp\/v2\/posts\/1454\/revisions"}],"predecessor-version":[{"id":1457,"href":"https:\/\/elpobrecitohablador.es\/wordpress\/wp-json\/wp\/v2\/posts\/1454\/revisions\/1457"}],"wp:attachment":[{"href":"https:\/\/elpobrecitohablador.es\/wordpress\/wp-json\/wp\/v2\/media?parent=1454"}],"wp:term":[{"taxonomy":"category","embeddable":true,"href":"https:\/\/elpobrecitohablador.es\/wordpress\/wp-json\/wp\/v2\/categories?post=1454"},{"taxonomy":"post_tag","embeddable":true,"href":"https:\/\/elpobrecitohablador.es\/wordpress\/wp-json\/wp\/v2\/tags?post=1454"}],"curies":[{"name":"wp","href":"https:\/\/api.w.org\/{rel}","templated":true}]}}