{"id":1314,"date":"2011-11-19T23:37:49","date_gmt":"2011-11-19T23:37:49","guid":{"rendered":"http:\/\/elpobrecitohablador.es\/wordpress\/?p=1314"},"modified":"2011-11-19T23:37:49","modified_gmt":"2011-11-19T23:37:49","slug":"mi-voto-dolor-saber-y-la-conciencia-para-luchar-contra-la-perversion-de-las-palabras-y-el-propio-ser","status":"publish","type":"post","link":"https:\/\/elpobrecitohablador.es\/wordpress\/2011\/11\/19\/mi-voto-dolor-saber-y-la-conciencia-para-luchar-contra-la-perversion-de-las-palabras-y-el-propio-ser\/","title":{"rendered":"Mi voto, dolor, saber y la conciencia para luchar contra la perversi\u00f3n de las palabras y el propio ser."},"content":{"rendered":"<p style=\"text-align: justify;\"><span style=\"font-family: Calibri; font-size: small;\"><img loading=\"lazy\" decoding=\"async\" class=\"size-full wp-image-1315 alignright\" style=\"margin: 15px;\" title=\"jDominguesB\" src=\"https:\/\/elpobrecitohablador.es\/wordpress\/wp-content\/uploads\/2011\/11\/jDominguesB.jpg\" alt=\"\" width=\"128\" height=\"128\" \/>20N, franquismo redivivo en el valle de los ca\u00eddos y en las instituciones de la Espa\u00f1istan que te helar\u00e1 el coraz\u00f3n; terrible dilema ma\u00f1ana para los m\u00e1s conscientes, participar y apuntalar la farsa, abstenerse y no ser m\u00e1s que testimonial pataleta o votar nulo, que se apunta como lo m\u00e1s responsable ante la falta de la expresi\u00f3n unitaria del 15M en la respuesta a esta tragicomedia.<\/span><\/p>\n<p style=\"text-align: justify;\"><span style=\"font-family: Calibri; font-size: small;\">Pero esta falta de una punta de lanza que aglutine y haga visible la fuerza del 15M (a\u00fan poco relevante, pero caldo necesario para seguir acumulando fuerzas), dispersando las fuerzas en el #nolesvotes a \u00a0#PP$OE, \u00a0con lo desideologizante de creer que el voto al resto de partidos pueda ser alternativa, fuera de las asambleas revolucionarias necesarias para acabar con el Canibalismo imperante, m\u00e1s inmensamente feroz \u00a0que el primitivo en los albores de la humanidad; hace que el camino para lograr la masa cr\u00edtica que precipite la nueva sociedad se vea complicado y alargado en el tiempo.<\/span><\/p>\n<p style=\"text-align: justify;\"><span style=\"font-family: Calibri; font-size: small;\">Por tanto se\u00f1ores y se\u00f1oras, a votar o no votar pero ser conscientes que tenemos ardua tarea por delante si queremos dejar de sufrir dolor, propio y ajeno, si no queremos perecer en nuestra propia ignorancia y aplastados por las atrofiadas alas\u00a0 donde escondemos la cabeza, para no ver que todo cambia por muchos temores que levante.<\/span><\/p>\n<p style=\"text-align: justify;\"><span style=\"font-family: Calibri; font-size: small;\">Recurrir al terreno personal, sobre todo de otr@s no est\u00e1 bien visto, ponerse en primera persona como ejemplo me parece peor y es lo habitual, pero no el ponerse como ejemplo de algo malo y esto \u00faltimo es lo que suelo hacer para explicar lo que con 22 a\u00f1itos hacia para colocarme por arriba del camarada \u201cP\u00edfano\u201d en aquellas primera elecciones que cambiaron el collar al perro del franquismo por el del Borbonismo.<\/span><\/p>\n<p style=\"text-align: justify;\"><span style=\"font-family: Calibri; font-size: small;\">Crey\u00e9ndome m\u00e1s revolucionario que \u00e9l, \u00a0intercambie los puestos, yo por arriba, por supuesto, sin m\u00e1s remordimiento que el de estar convencido de hacer lo m\u00e1s revolucionario imaginable. Yo era un obrero, de cuello blanco de acuerdo, pero con m\u00e1s conciencia, para mis interiores de dentro. \u00a0En esa edad tiene hasta cierta explicaci\u00f3n, nos creemos inconmensurables, cosa que curan los a\u00f1os, as\u00ed como la cr\u00edtica y la autocr\u00edtica, a algunos, pues a otr@s les aumenta hasta el paroxismo, convirti\u00e9ndoles en aut\u00e9nticos bufones de s\u00ed mismos.<\/span><\/p>\n<p style=\"text-align: justify;\"><span style=\"font-family: Calibri; font-size: small;\">Esto \u00faltimo es lo que me duele, que personas cercanas en lo familiar o en la amistad, cuando desnud\u00e1ndome ante ellos les expon\u00eda que el \u00fanico recurso para parar esas pretensiones juveniles, que se suelen prolongar hasta la muerte, es la asamblea y el control directo por los ciudadanos de las decisiones que ata\u00f1en a sus intereses; lejos de sacar partido de tus verg\u00fcenzas las hacen suyas y aumentan, traicionando amistades, ideas y hasta s\u00ed mismos, con tal de tocar \u201cmachito\u201d y colocar a los suyos, mujercita de por medio en la punta de la ola que \u201climpiar\u00e1\u201d,\u00a0 seg\u00fan sus interesadas palabras, la playa. <\/span><\/p>\n<p style=\"text-align: justify;\"><span style=\"font-family: Calibri; font-size: small;\">Limpiar, ya lo hacen con los fondos p\u00fablicos pero las bostas rebosan por debajo de las alfombras de palacios consistoriales y #senadosinutiles, con senador@s que babean ante los cinco mil eurillos\/mes del ala que les largar\u00e1n por traicionar \u00a0todo lo traicionable.<\/span><\/p>\n<p style=\"text-align: justify;\"><span style=\"font-family: Calibri; font-size: small;\">No busquen entre l\u00edneas, claramente me refiero al flamante consejero del mill\u00f3n de \u20ac, como zalameramente le llamaba Chavanel, que amigo del P\u00edfano, le trato de feten pa riba y poca sustancia le saco a que su servicio al PP se pague con un cambio de reglamento para seguir cobrando lo mismo despu\u00e9s del cambio de grupo sin transfuguismo, hoy no sabremos si se atrever\u00eda a preguntarle por la militancia, la trayectoria y los motivos de la presencia de Meluca como segunda senadora del PP. En fin, la pastilla azul de Matrix \u00a0tiene unas propiedades maravillosas, te hace ver la realidad seg\u00fan tu quieres verla.<\/span><\/p>\n<p style=\"text-align: justify;\"><span style=\"font-family: Calibri; font-size: small;\">\u00a0<\/span><span style=\"font-family: Calibri; font-size: small;\">Para entendidos y no, muy recomendable el libro \u201cEl gobierno de las palabras\u201d de JC Monedero, Doctor en Ciencias pol\u00edticas y el estupend\u00edsimo resumen del video que puedes ver en este blog.<\/span><\/p>\n<p style=\"text-align: justify;\"><span style=\"font-family: Calibri; font-size: small;\">Ante tanta explosi\u00f3n de ideas fuerza, valores y voluntades que desbordan el rampante pesimismo de la realidad, se me hace cada vez m\u00e1s dif\u00edcil aportar algo original en esta voraz batalla informativa que consume todo atisbo de lucidez, recomendable releer, releerse y no relamerse la ignorancia.<\/span><\/p>\n<p style=\"text-align: justify;\"><span style=\"font-family: Calibri; font-size: small;\">Mi voto aseg\u00fan me alevante, me abstendr\u00e9 activamente con algo que se me ocurra o votar\u00e9 nulo, pues aqu\u00ed en esta colonia o champ\u00fa, ya dudo, no podemos votar a BILDU ni nada que se le parezca ni por el forro que nos cubre a todos.<\/span><\/p>\n","protected":false},"excerpt":{"rendered":"<p>20N, franquismo redivivo en el valle de los ca\u00eddos y en las instituciones de la Espa\u00f1istan que te helar\u00e1 el coraz\u00f3n; terrible dilema ma\u00f1ana para los m\u00e1s conscientes, participar y apuntalar la farsa, abstenerse y no ser m\u00e1s que testimonial pataleta o votar nulo, que se apunta como lo m\u00e1s responsable ante la falta de [&hellip;]<\/p>\n","protected":false},"author":290,"featured_media":0,"comment_status":"closed","ping_status":"closed","sticky":false,"template":"","format":"standard","meta":{"footnotes":""},"categories":[241,311,18,17,3,227],"tags":[520,228,317,318,316,315],"class_list":["post-1314","post","type-post","status-publish","format-standard","hentry","category-15m","category-20n","category-actualidad","category-anticapitalismo","category-canarias","category-elecciones","tag-20n","tag-elecciones-2","tag-farsa-electoral","tag-juan-dominguez-bautista","tag-no-les-votes","tag-vota-nulo"],"_links":{"self":[{"href":"https:\/\/elpobrecitohablador.es\/wordpress\/wp-json\/wp\/v2\/posts\/1314","targetHints":{"allow":["GET"]}}],"collection":[{"href":"https:\/\/elpobrecitohablador.es\/wordpress\/wp-json\/wp\/v2\/posts"}],"about":[{"href":"https:\/\/elpobrecitohablador.es\/wordpress\/wp-json\/wp\/v2\/types\/post"}],"author":[{"embeddable":true,"href":"https:\/\/elpobrecitohablador.es\/wordpress\/wp-json\/wp\/v2\/users\/290"}],"replies":[{"embeddable":true,"href":"https:\/\/elpobrecitohablador.es\/wordpress\/wp-json\/wp\/v2\/comments?post=1314"}],"version-history":[{"count":2,"href":"https:\/\/elpobrecitohablador.es\/wordpress\/wp-json\/wp\/v2\/posts\/1314\/revisions"}],"predecessor-version":[{"id":1317,"href":"https:\/\/elpobrecitohablador.es\/wordpress\/wp-json\/wp\/v2\/posts\/1314\/revisions\/1317"}],"wp:attachment":[{"href":"https:\/\/elpobrecitohablador.es\/wordpress\/wp-json\/wp\/v2\/media?parent=1314"}],"wp:term":[{"taxonomy":"category","embeddable":true,"href":"https:\/\/elpobrecitohablador.es\/wordpress\/wp-json\/wp\/v2\/categories?post=1314"},{"taxonomy":"post_tag","embeddable":true,"href":"https:\/\/elpobrecitohablador.es\/wordpress\/wp-json\/wp\/v2\/tags?post=1314"}],"curies":[{"name":"wp","href":"https:\/\/api.w.org\/{rel}","templated":true}]}}