{"id":1259,"date":"2011-10-01T16:40:46","date_gmt":"2011-10-01T15:40:46","guid":{"rendered":"http:\/\/elpobrecitohablador.es\/wordpress\/?p=1259"},"modified":"2011-10-01T16:40:46","modified_gmt":"2011-10-01T15:40:46","slug":"al-salir-del-armario","status":"publish","type":"post","link":"https:\/\/elpobrecitohablador.es\/wordpress\/2011\/10\/01\/al-salir-del-armario\/","title":{"rendered":"Al salir del armario."},"content":{"rendered":"<p><img loading=\"lazy\" decoding=\"async\" class=\"alignleft size-full wp-image-1260\" style=\"margin: 15px;\" title=\"manosvotando\" src=\"https:\/\/elpobrecitohablador.es\/wordpress\/wp-content\/uploads\/2011\/10\/manosvotando.jpg\" alt=\"\" width=\"200\" height=\"131\" \/>Por F. Pianiski Militante de Iniciativa Comunista.<\/p>\n<div>\n<div>\n<div>\n<div>\n<p style=\"text-align: justify;\">Con la que estaba cayendo, no ten\u00eda ning\u00fan sentido permanecer escondido mucho m\u00e1s tiempo. Hab\u00eda llegado el momento de salir del armario.<\/p>\n<p style=\"text-align: justify;\">Llevaba algunos meses observando a trav\u00e9s de la puerta entreabierta, susurrando consignas contra el capitalismo, contra los pol\u00edticos y los banqueros. La cosa parec\u00eda de consenso, as\u00ed pues, me decid\u00ed a salir del armario y descubrirme ante todos: \u00a1hola a todo el mundo! \u00a1soy comunista!<\/p>\n<p style=\"text-align: justify;\">Pens\u00e9 que en un movimiento tan plural, heterodoxo y tolerante como es el 15M, ser\u00eda aceptado como uno m\u00e1s, a\u00fan con el terrible defecto de tener una ideolog\u00eda tan pasada de moda. Ahora pienso que podr\u00eda haber ganado m\u00e1s amigos si al salir del armario hubiera gritado: \u00a1no disparen! \u00a1soy un cat\u00f3lico de UPyD!<\/p>\n<p style=\"text-align: justify;\">En realidad nunca dije que fuera comunista. Fueron los \u00abcompa\u00f1eros\u00bb m\u00e1s sagaces, quienes al escucharme hablar de lucha de clases y de socialismo, dieron r\u00e1pidamente la voz de alarma: \u00a1Que alguien le diga a Pianiski que se vaya a hacer su revoluci\u00f3n socialista a otra parte!<\/p>\n<p style=\"text-align: justify;\">Ciertamente parec\u00eda haber consenso en la cr\u00edtica al sistema capitalista, pero nadie hab\u00eda planteado todav\u00eda un modelo econ\u00f3mico diferente. Tambi\u00e9n parec\u00eda meridianamente claro el an\u00e1lisis de que en el mundo existen unos se\u00f1ores que, con premeditaci\u00f3n y alevosia, mantienen en la miseria a millones de seres humanos, con el \u00fanico objetivo de preservar sus opulentas y desenfrenadas vidas locas. Estabamos de acuerdo en que esos millones de seres humanos deb\u00edan rebelarse contra estos se\u00f1ores que les oprimen, aunque lo que no estaba tan claro era c\u00f3mo llevar\u00edan a cabo esa rebeli\u00f3n. La cuesti\u00f3n es que nadie hab\u00eda planteado antes esta realidad como lo que verdaderamente es: lucha de clases.<\/p>\n<p style=\"text-align: justify;\">La palabra socialismo son\u00f3 cual campana en un ring de boxeo. Hab\u00eda empezado el combate y me encontraba solo frente a varios p\u00fagiles dispuestos a darme una buena somanta de hostias dial\u00e9cticas. Los movimientos del adversario eran r\u00e1pidos pero previsibles, claramente influenciados por la escuela burguesa. Topicazos sobre la Uni\u00f3n Sovi\u00e9tica, el Archipi\u00e9lago Gulag, el \u00abr\u00e9gimen\u00bb de Fidel Castro, etc. Est\u00e1 mal que yo lo diga, pero creo que aguant\u00e9 las hostias como un campe\u00f3n, respondiendo una tras otra con directos implacables. Algunos tiraron la toalla antes de besar la lona, pero los m\u00e1s resistentes siguieron lanzando los mismos golpes, una y otra vez hasta que a petici\u00f3n popular finaliz\u00f3 el combate. El p\u00fablico se aburr\u00eda mucho y adem\u00e1s hab\u00eda cosas m\u00e1s importantes de las que hablar.<\/p>\n<p style=\"text-align: justify;\">Mis contrincantes, que al contrario que yo, no son nada ortodoxos, acabaron sentenciando que desde el 15M y DRY jam\u00e1s se hab\u00eda planteado acabar con el capitalismo sino reformarlo. Ese fue el uppercut final que me dej\u00f3 noqueado.<\/p>\n<p style=\"text-align: justify;\">Mientras me recuperaba de aquel terrible KO, la asamblea hab\u00eda comenzado a tratar el tema verdaderamente importante: Las elecciones del 20N \u00bfqu\u00e9 hacer?<\/p>\n<p style=\"text-align: justify;\">Las conclusiones a las que se lleg\u00f3 tras este debate, me hicieron pensar que tal vez, lo que realmente hab\u00eda sido noqueado era el propio 15M, al menos en mi barrio. Yo que hab\u00eda salido del armario dispuesto a cambiar el mundo, me encuentro con un 15M que est\u00e1 construyendo su propio armario para esconderse dentro, junto con sus complejos.<\/p>\n<p style=\"text-align: justify;\">Los viejos m\u00e9todos de lucha de la clase trabajadora, las huelgas, las manifestaciones ya no sirven para nada. S\u00f3lo nos queda una alternativa: ganar las elecciones. Pero transformar el 15M en una alternativa electoral es una idea precipitada, no hay tiempo, y por lo tanto debemos apostar por alguno de esos peque\u00f1os partidos que pueda recoger en su programa las aspiraciones del 15M.<\/p>\n<p style=\"text-align: justify;\">Al parecer, casi nadie se hab\u00eda creido realmente aquello de \u00ablo llaman democracia y no lo es\u00bb. Resulta que llegan las elecciones y pasamos del \u00abno nos representan\u00bb a \u00bfqui\u00e9n podr\u00eda representarnos mejor? Por supuesto, algunos oportunistas aprovechan este contexto para empezar a salir, con m\u00e1s o menos elegancia, de sus respectivos armarios.<\/p>\n<p style=\"text-align: justify;\">El derrotismo inculcado por la burgues\u00eda ha ganado esa batalla, la idea de que la pol\u00edtica es una cosa que debe dejarse en manos de los pol\u00edticos, la idea de que no existe posibilidad de cambiar nada fuera del marco democr\u00e1tico burgu\u00e9s. Pero la experiencia hist\u00f3rica nos demuestra que todo eso no es cierto. Hace m\u00e1s de cien a\u00f1os que el genial Carlos Marx nos ense\u00f1\u00f3 que el motor de la historia misma no es otro que la lucha de clases.<\/p>\n<p style=\"text-align: justify;\">Ni con los mejores argumentos vamos a convencer a los gobernantes para que cambien las cosas a nuestro favor. Ni siquiera conseguiremos una t\u00edmida reforma que beneficie a la clase trabajadora si no nos organizamos para dar esa batalla. Los derechos no se mendigan sino que se conquistan a trav\u00e9s de la lucha. De lo contrario, todav\u00eda estar\u00edamos trabajando al ritmo que marcaba el l\u00e1tigo en las espaldas de los esclavos.<\/p>\n<p style=\"text-align: justify;\">Son muchos los peque\u00f1os partidos que, con m\u00e1s inconvenientes que nunca, preparan sus candidaturas para el 20N. Es algo muy leg\u00edtimo. Debe ser importante eso de votar y poder ser votado, sobre todo teniendo en cuenta que hace casi diez a\u00f1os inventaron una ley para negar ese derecho a m\u00e1s de trescientos mil vascos.<\/p>\n<p style=\"text-align: justify;\">En mi opini\u00f3n, actualmente no existe un partido de clase, verdaderamente democr\u00e1tico, con posibilidades reales de conseguir una victoria electoral. Tal vez en el futuro, si todos esos peque\u00f1os partidos, todas esas peque\u00f1as organizaciones somos capaces de unirnos en un proyecto com\u00fan, tal vez podamos construir ese frente electoral. Sin caer en el electoralismo, sin olvidar que se trata de otro frente m\u00e1s, sin olvidar que la lucha sigue estando en la calle y no en el Parlamento. Bajo las condiciones actuales, la clase trabajadora no puede esperar ning\u00fan cambio tras las elecciones del 20N.<\/p>\n<p style=\"text-align: justify;\">Finalmente, no s\u00e9 cual ser\u00e1 el mensaje del 15M de cara a esta \u00abfiesta\u00bb de la Democracia, aunque supongo que la decisi\u00f3n se tomar\u00e1 al estilo democr\u00e1tico-burgu\u00e9s espa\u00f1ol, es decir, centralizada en Madrid. No faltar\u00e1n oportunistas sugiriendo votar a uno u otro partido, ni partidos que mencionen al 15M durante su campa\u00f1a. Por mi parte, la propuesta se presenta cada vez m\u00e1s clara: la lucha es el \u00fanico camino.<\/p>\n<p>F. Pianiski Militante de Iniciativa Comunista.<\/p>\n<\/div>\n<\/div>\n<\/div>\n<\/div>\n","protected":false},"excerpt":{"rendered":"<p>Por F. Pianiski Militante de Iniciativa Comunista. Con la que estaba cayendo, no ten\u00eda ning\u00fan sentido permanecer escondido mucho m\u00e1s tiempo. Hab\u00eda llegado el momento de salir del armario. Llevaba algunos meses observando a trav\u00e9s de la puerta entreabierta, susurrando consignas contra el capitalismo, contra los pol\u00edticos y los banqueros. La cosa parec\u00eda de consenso, [&hellip;]<\/p>\n","protected":false},"author":290,"featured_media":0,"comment_status":"closed","ping_status":"closed","sticky":false,"template":"","format":"standard","meta":{"footnotes":""},"categories":[241,311,17,227,199,208,9,220,22],"tags":[514,520,228,312,488],"class_list":["post-1259","post","type-post","status-publish","format-standard","hentry","category-15m","category-20n","category-anticapitalismo","category-elecciones","category-lucha-de-clases","category-lucha-obrera","category-marxismo","category-parlamento-espanolista","category-pensamiento-libre","tag-15m","tag-20n","tag-elecciones-2","tag-lucha-de-clases-2","tag-marxismo"],"_links":{"self":[{"href":"https:\/\/elpobrecitohablador.es\/wordpress\/wp-json\/wp\/v2\/posts\/1259","targetHints":{"allow":["GET"]}}],"collection":[{"href":"https:\/\/elpobrecitohablador.es\/wordpress\/wp-json\/wp\/v2\/posts"}],"about":[{"href":"https:\/\/elpobrecitohablador.es\/wordpress\/wp-json\/wp\/v2\/types\/post"}],"author":[{"embeddable":true,"href":"https:\/\/elpobrecitohablador.es\/wordpress\/wp-json\/wp\/v2\/users\/290"}],"replies":[{"embeddable":true,"href":"https:\/\/elpobrecitohablador.es\/wordpress\/wp-json\/wp\/v2\/comments?post=1259"}],"version-history":[{"count":1,"href":"https:\/\/elpobrecitohablador.es\/wordpress\/wp-json\/wp\/v2\/posts\/1259\/revisions"}],"predecessor-version":[{"id":1261,"href":"https:\/\/elpobrecitohablador.es\/wordpress\/wp-json\/wp\/v2\/posts\/1259\/revisions\/1261"}],"wp:attachment":[{"href":"https:\/\/elpobrecitohablador.es\/wordpress\/wp-json\/wp\/v2\/media?parent=1259"}],"wp:term":[{"taxonomy":"category","embeddable":true,"href":"https:\/\/elpobrecitohablador.es\/wordpress\/wp-json\/wp\/v2\/categories?post=1259"},{"taxonomy":"post_tag","embeddable":true,"href":"https:\/\/elpobrecitohablador.es\/wordpress\/wp-json\/wp\/v2\/tags?post=1259"}],"curies":[{"name":"wp","href":"https:\/\/api.w.org\/{rel}","templated":true}]}}