{"id":1160,"date":"2011-08-16T12:24:51","date_gmt":"2011-08-16T11:24:51","guid":{"rendered":"http:\/\/elpobrecitohablador.es\/wordpress\/?p=1160"},"modified":"2011-08-17T15:39:01","modified_gmt":"2011-08-17T14:39:01","slug":"pasale-factura-al-papa","status":"publish","type":"post","link":"https:\/\/elpobrecitohablador.es\/wordpress\/2011\/08\/16\/pasale-factura-al-papa\/","title":{"rendered":"P\u00e1sale factura al Papa"},"content":{"rendered":"<p><img loading=\"lazy\" decoding=\"async\" class=\"alignleft size-full wp-image-1161\" style=\"margin: 15px;\" title=\"papano\" src=\"https:\/\/elpobrecitohablador.es\/wordpress\/wp-content\/uploads\/2011\/08\/papano.png\" alt=\"\" width=\"715\" height=\"845\" \/><\/p>\n<p>Cartel dise\u00f1ado para colocar en ventanas y balcones. El cartel est\u00e1 dise\u00f1ado en tama\u00f1o 1 m x 1 m<\/p>\n<p>Puede imprimirse por partes y ensamblar. Puede imprimirse y ampliar en fotocopiadora. Puede imprimirse en una fotocopiadora de planos.<\/p>\n<h1>Europa Laica pide que la Fiscal\u00eda est\u00e9 atenta a las declaraciones del Papa<\/h1>\n<h3 style=\"text-align: justify;\">Europa Laica ha propuesto un modelo de moci\u00f3n municipal contra el apoyo institucional y los costes p\u00fablicos de la visita papal, en la que se pide que la Fiscal\u00eda General del Estado est\u00e9 &#8216;atenta&#8217; y &#8216;act\u00fae&#8217; por posibles declaraciones de Benedicto.<\/h3>\n<p style=\"text-align: justify;\">En un comunicado, esta organizaci\u00f3n explica que la iniciativa consiste en que los consistorios donde se apruebe insten en tal sentido &#8216;al Gobierno de Espa\u00f1a, a la Comunidad y el Ayuntamiento de Madrid y otras instituciones del Estado&#8217;.<\/p>\n<div>\n<div id=\"cuerpo\">\n<div id=\"ctl00_PlaceHolderMain_RichHtmlField1__ControlWrapper_RichHtmlField\">\n<p style=\"text-align: justify;\">Europa Laica pide que se rechace cualquier cr\u00edtica del Papa contra formas de convivencia de la sociedad espa\u00f1ola, leyes aprobadas democr\u00e1ticamente o debates legislativos, &#8216;elevando la correspondiente queja a la instituci\u00f3n Iglesia cat\u00f3lica e, incluso, si se considera, tomen otras medidas jur\u00eddicas&#8217;.<\/p>\n<p style=\"text-align: justify;\">Tambi\u00e9n se plantea que el Papa no sea recibido con protocolos institucionales de Estado, ya que viene, asegura, &#8216;exclusivamente en misi\u00f3n pastoral privada&#8217;.<\/p>\n<p style=\"text-align: justify;\">Adem\u00e1s, demanda que no se derive ni detraiga dinero p\u00fablico para la Jornada Mundial de la Juventud, ni para la visita de Benedicto XVI a Madrid con tal motivo, a mediados de agosto pr\u00f3ximo, por ser un evento &#8216;de car\u00e1cter privado&#8217;<\/p>\n<p style=\"text-align: justify;\">Europa Laica y m\u00e1s de 100 entidades han previsto una manifestaci\u00f3n en la tarde del 17 de agosto contra la visita del Papa, adem\u00e1s de otros actos en las v\u00edsperas.<\/p>\n<\/div>\n<\/div>\n<\/div>\n<p>&nbsp;<\/p>\n<div class=\"act_wid_1\">\n<div id=\"widget_box\" class=\"wtheme_blue\">\n<div id=\"widget_cont\" class=\"widget_sign\">\n<div class=\"act_wid_img\"><a href=\"http:\/\/actuable.es\/peticiones\/pasale-factura-al-papa\" target=\"_blank\"><img loading=\"lazy\" decoding=\"async\" src=\"http:\/\/actuable.es\/system\/images\/134\/medium\/papa.jpg\" alt=\"Papa\" width=\"300\" height=\"195\" \/><\/a><\/div>\n<div class=\"act_wid_title\">\n<h1><a href=\"http:\/\/actuable.es\/peticiones\/pasale-factura-al-papa\" target=\"_blank\">P\u00e1sale factura al Papa<\/a><\/h1>\n<\/div>\n<div class=\"wc signs_info\">\n<div class=\"people_count\"><small>Han actuado<\/small><br \/>\n<span id=\"actuable_signs_count_134\">0 personas<\/span><\/div>\n<div class=\"signs_left\"><small>Nos faltan<\/small><br \/>\n<span id=\"actuable_signs_left_134\">0 firmas<\/span><\/div>\n<\/div>\n<p>&nbsp;<\/p>\n<div class=\"act_now\">\n<div id=\"act_now_not_acted\" class=\"wc\">\n<div class=\"widget_form\">\n<h3>Act\u00faa ahora<\/h3>\n<form action=\"http:\/\/actuable.es\/actions\/134\/supports\" method=\"post\" accept-charset=\"UTF-8\">\n<div style=\"margin: 0px; padding: 0px; display: inline;\"><input type=\"hidden\" name=\"utf8\" value=\"?\" \/> <input id=\"actuable_authenticity_token\" type=\"hidden\" name=\"authenticity_token\" value=\"\" \/><\/div>\n<table>\n<tbody>\n<tr>\n<th>Tu nombre<\/th>\n<td><input id=\"user_name\" class=\"text\" type=\"text\" name=\"user[name]\" size=\"30\" \/><\/td>\n<\/tr>\n<tr>\n<th>Tu apellido<\/th>\n<td><input id=\"user_surname\" class=\"text\" type=\"text\" name=\"user[surname]\" size=\"30\" \/><\/td>\n<\/tr>\n<tr>\n<th>Tu correo-e<\/th>\n<td><input id=\"user_email\" class=\"text\" type=\"text\" name=\"user[email]\" size=\"30\" \/><\/td>\n<\/tr>\n<tr>\n<th>C\u00f3d. Postal<\/th>\n<td><input id=\"user_postal_code\" class=\"text\" type=\"text\" name=\"user[postal_code]\" size=\"30\" \/><\/td>\n<\/tr>\n<tr class=\"accept_conds\">\n<th><\/th>\n<td><label for=\"user_terms_of_service\"> <input type=\"hidden\" name=\"user[terms_of_service]\" value=\"0\" \/> <input id=\"user_terms_of_service\" type=\"checkbox\" name=\"user[terms_of_service]\" value=\"1\" \/> Acepto las <a href=\"http:\/\/actuable.es\/s\/condiciones-de-uso\" target=\"_blank\">Norm. de Uso<\/a> y <a href=\"http:\/\/actuable.es\/s\/privacidad\" target=\"_blank\">Pol. de Priv.<\/a><\/label><\/td>\n<\/tr>\n<\/tbody>\n<\/table>\n<div class=\"submit\"><input type=\"submit\" value=\"Firma la petici\u00f3n\" \/><\/div>\n<\/form>\n<\/div>\n<div class=\"submit submit_link\" style=\"display: none;\"><a href=\"http:\/\/actuable.es\/peticiones\/pasale-factura-al-papa\" target=\"_blank\">Firma la petici\u00f3n<\/a><\/div>\n<\/div>\n<p>&nbsp;<\/p>\n<\/div>\n<p>Motivos para firmar sobran, una m\u00e1s:<\/p>\n<p><img loading=\"lazy\" decoding=\"async\" class=\"alignleft size-full wp-image-1168\" title=\"mujeriglesia\" src=\"https:\/\/elpobrecitohablador.es\/wordpress\/wp-content\/uploads\/2011\/08\/mujeriglesia.jpg\" alt=\"\" width=\"550\" height=\"756\" srcset=\"https:\/\/elpobrecitohablador.es\/wordpress\/wp-content\/uploads\/2011\/08\/mujeriglesia.jpg 550w, https:\/\/elpobrecitohablador.es\/wordpress\/wp-content\/uploads\/2011\/08\/mujeriglesia-218x300.jpg 218w\" sizes=\"auto, (max-width: 550px) 100vw, 550px\" \/><\/p>\n<\/div>\n<p>&nbsp;<\/p>\n<\/div>\n<p>&nbsp;<\/p>\n<\/div>\n<p><!-- #act_wid_1 --><br \/>\n<script type=\"text\/javascript\" src=\"http:\/\/actuable.es\/a\/pasale-factura-al-papa\/js\"><\/script><script type=\"text\/javascript\">\/\/ < ![CDATA[\n\/\/ < ![CDATA[\ndocument.getElementById(\"actuable_signs_count_134\").innerHTML = supporters_count + \" persona\" + (supporters_count == 1 ? '' : 's');\ndocument.getElementById(\"actuable_signs_left_134\").innerHTML = suppors_pending + \" firma\" + (suppors_pending == 1 ? '' : 's');\ndocument.getElementById(\"actuable_authenticity_token\").value = auth_token;\n\/\/ ]]><\/script><br \/>\n<!-- \/WIDGET ACTUABLE - T1.1 --><\/p>\n","protected":false},"excerpt":{"rendered":"<p>Cartel dise\u00f1ado para colocar en ventanas y balcones. El cartel est\u00e1 dise\u00f1ado en tama\u00f1o 1 m x 1 m Puede imprimirse por partes y ensamblar. Puede imprimirse y ampliar en fotocopiadora. Puede imprimirse en una fotocopiadora de planos. Europa Laica pide que la Fiscal\u00eda est\u00e9 atenta a las declaraciones del Papa Europa Laica ha propuesto [&hellip;]<\/p>\n","protected":false},"author":290,"featured_media":0,"comment_status":"closed","ping_status":"closed","sticky":false,"template":"","format":"standard","meta":{"footnotes":""},"categories":[241,248,18,259],"tags":[515,261,260],"class_list":["post-1160","post","type-post","status-publish","format-standard","hentry","category-15m","category-19j","category-actualidad","category-laicismo","tag-19j","tag-jmj","tag-papa-no"],"_links":{"self":[{"href":"https:\/\/elpobrecitohablador.es\/wordpress\/wp-json\/wp\/v2\/posts\/1160","targetHints":{"allow":["GET"]}}],"collection":[{"href":"https:\/\/elpobrecitohablador.es\/wordpress\/wp-json\/wp\/v2\/posts"}],"about":[{"href":"https:\/\/elpobrecitohablador.es\/wordpress\/wp-json\/wp\/v2\/types\/post"}],"author":[{"embeddable":true,"href":"https:\/\/elpobrecitohablador.es\/wordpress\/wp-json\/wp\/v2\/users\/290"}],"replies":[{"embeddable":true,"href":"https:\/\/elpobrecitohablador.es\/wordpress\/wp-json\/wp\/v2\/comments?post=1160"}],"version-history":[{"count":8,"href":"https:\/\/elpobrecitohablador.es\/wordpress\/wp-json\/wp\/v2\/posts\/1160\/revisions"}],"predecessor-version":[{"id":1170,"href":"https:\/\/elpobrecitohablador.es\/wordpress\/wp-json\/wp\/v2\/posts\/1160\/revisions\/1170"}],"wp:attachment":[{"href":"https:\/\/elpobrecitohablador.es\/wordpress\/wp-json\/wp\/v2\/media?parent=1160"}],"wp:term":[{"taxonomy":"category","embeddable":true,"href":"https:\/\/elpobrecitohablador.es\/wordpress\/wp-json\/wp\/v2\/categories?post=1160"},{"taxonomy":"post_tag","embeddable":true,"href":"https:\/\/elpobrecitohablador.es\/wordpress\/wp-json\/wp\/v2\/tags?post=1160"}],"curies":[{"name":"wp","href":"https:\/\/api.w.org\/{rel}","templated":true}]}}