{"id":1150,"date":"2011-08-02T14:09:14","date_gmt":"2011-08-02T13:09:14","guid":{"rendered":"http:\/\/elpobrecitohablador.es\/wordpress\/?p=1150"},"modified":"2011-08-02T14:10:48","modified_gmt":"2011-08-02T13:10:48","slug":"video-anonymous-el-plan-fase-1-iniciada","status":"publish","type":"post","link":"https:\/\/elpobrecitohablador.es\/wordpress\/2011\/08\/02\/video-anonymous-el-plan-fase-1-iniciada\/","title":{"rendered":"(VIDEO) Anonymous: \u00abEL PLAN\u00bb, Fase 1: Iniciada"},"content":{"rendered":"<p align=\"justify\"><strong>\u00bb Gentes del mundo; permitid que nos presentemos de nuevo como An\u00f3nimos, pues no somos m\u00e1s que una idea. Un pensamiento que se mueve sin l\u00edder ni jerarqu\u00eda y funciona gracias a la sinergia ejercida por las personas que creen en su causa. Una causa de justicia y libertad, en este mundo lleno de opresi\u00f3n e intolerancia.<\/strong><\/p>\n<p align=\"justify\">Buscamos algo seriamente amenazado: una vida realmente libre y digna; no dependiente de lo que te puedas permitir pagar o de los sue\u00f1os que te permitan o no alcanzar.<\/p>\n<p align=\"justify\">Sabemos que la mayor\u00eda de vosotros viv\u00eds atrapados por sueldos m\u00edseros; algunos privilegiados puede que est\u00e9is contentos con vuestro dinero o estilo de vida. Sin embargo, no reconocer a estas alturas que todos estamos encerrados entre los barrotes econ\u00f3micos de una sociedad capitalista en franca decadencia, ser\u00eda simplemente ego\u00edsta o sencillamente delirante. Tambi\u00e9n conocemos cuan f\u00e1cil es perderse en la saturaci\u00f3n ociosa y ausencia de verdadera informaci\u00f3n en el mundo actual. Y aunque pareciese lo contrario, muchos de nosotros y nosotras apreciamos el confort de la rutina diaria y la seguridad de la familia tanto como cualquier individuo. Pero la verdad es que necesitamos hacer algo de una vez.<\/p>\n<p align=\"justify\">Todos sabemos que algo va terriblemente mal en este mundo. \u00bfNo os parece cierto? Crueldad, injusticia, intolerancia y opresi\u00f3n. Donde alguna vez cre\u00edste tener la libertad de oponerte, de pensar y hablar como te parec\u00eda, ahora hay censores y sistemas de vigilancia coaccion\u00e1ndo hacia la conformidad y exigiendo sumisi\u00f3n en pos de un ruido o silencio que s\u00f3lo beneficia a quien lo promueve.<\/p>\n<p align=\"justify\">\u00bfC\u00f3mo ha pasado esto?, \u00bfQui\u00e9n es el culpable? Bueno, ciertamente los hay m\u00e1s responsables que otros pero por desgracia, por acci\u00f3n u omisi\u00f3n todos hemos tenido algo de responsabilidad en esta situaci\u00f3n. Porque el problema no es que existan hombres malos, si no que los hombres buenos no hagan nada por detenerlos.<\/p>\n<p>Pero ante todo, somos conscientes de lo f\u00e1cil que ha sido ceder al miedo durante este tiempo. El miedo se lleva lo mejor de uno mismo y en p\u00e1nico no se suele actuar inteligentemente: Atentados, guerras, burbujas, especulaci\u00f3n y dinero f\u00e1cil. Abandonasteis vuestros estudios por el boom del ladrillo; hipotecasteis vuestras vidas a poderes que os prometen orden y paz y todo lo que os piden a cambio es vuestro silencio. Vuestro obediente consentimiento c\u00f3mplice, cometan las atrocidades que cometan&#8230;<\/p>\n<p align=\"justify\">Pero Anonymous ha decidido poner fin a ese silencio. Estamos iniciando un sistema de eventos al que nos referiremos simplemente como \u00abEl Plan\u00bb.<\/p>\n<p align=\"justify\">El Plan continuar\u00e1 durante aproximadamente un a\u00f1o, en el transcurso de 3 fases separadas.<\/p>\n<p align=\"justify\"><strong><em>La Fase UNO ha comenzado:<\/em><\/strong><\/p>\n<p align=\"justify\">Vamos a contarle a todos lo que ocurre. Les ense\u00f1aremos las cosas que el poder no quiere que vean.<\/p>\n<p align=\"justify\">As\u00ed que si sientes la responsabilidad de levantarte y luchar por la libertad de expresi\u00f3n; contra la avaricia criminal; la opresi\u00f3n de los gobiernos o la manipulaci\u00f3n medi\u00e1tica t\u00fa eres parte de Anonymous.<\/p>\n<p align=\"justify\">Muchos preguntan: \u00bfc\u00f3mo puedo ayudar?.<\/p>\n<p align=\"justify\">Las personas son poderosas: educaos a vosotros mismos; aportad y apoyad soluciones alternativas, novedosas y que otra gente pueda adoptar.<\/p>\n<p align=\"justify\">Cuestionaos el mundo y leed sobre \u00e9l&#8230;<br \/>\n<em>\u00bfDe d\u00f3nde viene la informaci\u00f3n, las cosas, la energ\u00eda o la comida que consumes?<br \/>\n\u00bfc\u00f3mo detectar y evitar el control y la censura moderna?<br \/>\n\u00bfc\u00f3mo funciona la econom\u00eda mundial?<br \/>\n\u00bfcuales son las mayores corporaciones y a qu\u00e9 se dedican?<br \/>\n\u00bfcuales son los problemas reales del mundo y sus s\u00edntomas m\u00e1s claros?<\/em><\/p>\n<p align=\"justify\">Compartid la cultura; la informaci\u00f3n; vuestras ideas. Mostrad vuestra libertad a trav\u00e9s de vuestra propia creatividad; vuestro lienzo es el mismo mundo. Un\u00edos a nosotros en el despertar de la verdadera humanidad de entre las cenizas de los destronados y los desheredados. Contadle a la elite que estamos aqu\u00ed y vamos a por ellos. Hagamos a todo el planeta consciente del desastre que supone el actual sistema a corto, medio y largo plazo; de la necesidad de educarnos todos en un nuevo camino m\u00e1s inteligente, avanzado y sostenible.<\/p>\n<p align=\"justify\">Las soluciones est\u00e1n en nuestras manos. Porque la realidad es que s\u00f3lo t\u00fa eres el mes\u00edas que estabas esperando. Ven y convi\u00e9rtete en un miembro activo. La Fase 2 se iniciar\u00e1 en los pr\u00f3ximos meses y planeamos darle al poder un a\u00f1o que nunca, nunca olvidar\u00e1n.<\/p>\n<p align=\"justify\">Por primera vez en la historia nuestra especie tiene el conocimiento, la tecnolog\u00eda y la determinaci\u00f3n para comenzar a construir un mundo mejor.<\/p>\n<p align=\"justify\">Pobre del que se interponga entre la humanidad y el futuro.<\/p>\n<p align=\"justify\"><strong><em>Unidos como uno s\u00f3lo. Divididos por cero.<\/em><\/strong><strong> <\/strong> <strong><em>Somos An\u00f3nimos.<\/em><\/strong><\/p>\n<p><strong><em> Somos Legi\u00f3n.<br \/>\nNo olvidamos.<br \/>\nNo perdonamos.<\/em><\/strong><\/p>\n<p>Esperadnos&#8230;<\/p>\n<p><span style=\"text-decoration: underline;\"><strong><em>Fase uno del plan: iniciada.<\/em><\/strong><\/span><strong><em> <\/em><\/strong><strong><em>\u00ab<\/em><\/strong><\/p>\n<p><a href=\"http:\/\/www.whatis-theplan.org\/\">http:\/\/www.whatis-theplan.org\/ <\/a><\/p>\n<p><a href=\"http:\/\/pastehtml.com\/view\/b2da7b0pp.rtxt\">http:\/\/pastehtml.com\/view\/b2da7b0pp.rtxt <\/a><\/p>\n<p>&nbsp;<\/p>\n<p>&nbsp;<br \/>\n<iframe loading=\"lazy\" width=\"560\" height=\"349\" src=\"http:\/\/www.youtube.com\/embed\/4Rt1br2SG5s\" frameborder=\"0\" allowfullscreen><\/iframe><\/p>\n","protected":false},"excerpt":{"rendered":"<p>\u00bb Gentes del mundo; permitid que nos presentemos de nuevo como An\u00f3nimos, pues no somos m\u00e1s que una idea. Un pensamiento que se mueve sin l\u00edder ni jerarqu\u00eda y funciona gracias a la sinergia ejercida por las personas que creen en su causa. Una causa de justicia y libertad, en este mundo lleno de opresi\u00f3n [&hellip;]<\/p>\n","protected":false},"author":290,"featured_media":0,"comment_status":"closed","ping_status":"closed","sticky":false,"template":"","format":"standard","meta":{"footnotes":""},"categories":[244,17,112,139,22],"tags":[245,494,507,497],"class_list":["post-1150","post","type-post","status-publish","format-standard","hentry","category-anonymous","category-anticapitalismo","category-antimperialismo","category-antisionismo","category-pensamiento-libre","tag-anonymous-2","tag-anticapitalismo","tag-antisionismo","tag-pensamiento-libre"],"_links":{"self":[{"href":"https:\/\/elpobrecitohablador.es\/wordpress\/wp-json\/wp\/v2\/posts\/1150","targetHints":{"allow":["GET"]}}],"collection":[{"href":"https:\/\/elpobrecitohablador.es\/wordpress\/wp-json\/wp\/v2\/posts"}],"about":[{"href":"https:\/\/elpobrecitohablador.es\/wordpress\/wp-json\/wp\/v2\/types\/post"}],"author":[{"embeddable":true,"href":"https:\/\/elpobrecitohablador.es\/wordpress\/wp-json\/wp\/v2\/users\/290"}],"replies":[{"embeddable":true,"href":"https:\/\/elpobrecitohablador.es\/wordpress\/wp-json\/wp\/v2\/comments?post=1150"}],"version-history":[{"count":2,"href":"https:\/\/elpobrecitohablador.es\/wordpress\/wp-json\/wp\/v2\/posts\/1150\/revisions"}],"predecessor-version":[{"id":1152,"href":"https:\/\/elpobrecitohablador.es\/wordpress\/wp-json\/wp\/v2\/posts\/1150\/revisions\/1152"}],"wp:attachment":[{"href":"https:\/\/elpobrecitohablador.es\/wordpress\/wp-json\/wp\/v2\/media?parent=1150"}],"wp:term":[{"taxonomy":"category","embeddable":true,"href":"https:\/\/elpobrecitohablador.es\/wordpress\/wp-json\/wp\/v2\/categories?post=1150"},{"taxonomy":"post_tag","embeddable":true,"href":"https:\/\/elpobrecitohablador.es\/wordpress\/wp-json\/wp\/v2\/tags?post=1150"}],"curies":[{"name":"wp","href":"https:\/\/api.w.org\/{rel}","templated":true}]}}