{"id":1124,"date":"2011-07-24T10:11:44","date_gmt":"2011-07-24T09:11:44","guid":{"rendered":"http:\/\/elpobrecitohablador.es\/wordpress\/?p=1124"},"modified":"2011-07-24T11:05:44","modified_gmt":"2011-07-24T10:05:44","slug":"un-policia-nacional-de-paisano-saca-su-pistola-ante-unos-manifestantes-en-pleno-centro-de-arrecife","status":"publish","type":"post","link":"https:\/\/elpobrecitohablador.es\/wordpress\/2011\/07\/24\/un-policia-nacional-de-paisano-saca-su-pistola-ante-unos-manifestantes-en-pleno-centro-de-arrecife\/","title":{"rendered":"Un Polic\u00eda Nacional de paisano saca su pistola ante unos manifestantes en pleno centro de Arrecife"},"content":{"rendered":"<p style=\"text-align: justify;\"><strong><img loading=\"lazy\" decoding=\"async\" class=\"size-full wp-image-1125 alignright\" style=\"margin: 15px;\" title=\"agente-provocador-lanzarote\" src=\"https:\/\/elpobrecitohablador.es\/wordpress\/wp-content\/uploads\/2011\/07\/agente-provocador-lanzarote.jpg\" alt=\"\" width=\"139\" height=\"93\" srcset=\"https:\/\/elpobrecitohablador.es\/wordpress\/wp-content\/uploads\/2011\/07\/agente-provocador-lanzarote.jpg 2324w, https:\/\/elpobrecitohablador.es\/wordpress\/wp-content\/uploads\/2011\/07\/agente-provocador-lanzarote-300x200.jpg 300w, https:\/\/elpobrecitohablador.es\/wordpress\/wp-content\/uploads\/2011\/07\/agente-provocador-lanzarote-1024x685.jpg 1024w\" sizes=\"auto, (max-width: 139px) 100vw, 139px\" \/><\/strong><\/p>\n<p>Somos menos q una colonia &#8230; ni existimos en los falsimedias<\/p>\n<p>Isla perif\u00e9rica, no capitalina y colonia, no existe para los falsimedia y los matones campan por sus anchas con patentes de corso, los virreyes de las islas no tienen que rendir cuenta ni ante opini\u00f3n publica, ni ante justicia ni ante nadie..esto es el oeste, peor una colonia africana que no cuenta ni para eso de los derechos humanos, las libertades o los tribunales, aqu\u00ed son pesebres donde dan de comer a los colonos godos y a sus matones a sueldo, guardias civiles, inciviles y polic\u00eda nacional \u00abespa\u00f1olistas\u00bb, meros chulos de las zonas de prostituci\u00f3n y \u00abcamellos\u00bb de la heroina de los barrios pobres de las islas.<\/p>\n<p>Hoy, como ayer, q solo exist\u00eda los islamistas o los antisistema, solo existe la letan\u00eda de los funerales, de la propia ideolog\u00eda que caus\u00f3 la masacre, la ALIENACI\u00d3N galopa a toda pastilla, las caretas de los falsimedia se han ca\u00eddo muy estrepitosamente y refuerzan los viejos fantasmas para atar corto a las masas, el sistema se cae y los estertores de muerte pueden ser muy criminales.<\/p>\n<p>Reproducimos el valiente testimonio de\u00a0<strong>Tom\u00e1s J. L\u00f3pez<\/strong> publicado en <strong>lanzarotelandia.com<\/strong><\/p>\n<p style=\"text-align: justify;\">En torno a las 20.20 horas este viernes se hallaban concentrados, en las <strong>inmediaciones del antiguo Cabildo de Lanzarote, en la Calle Real<\/strong>, representantes del colectivo saharaui en la isla, y muy cerca, una asamblea del movimiento Democracia Real Ya \u2013 Lanzarote, adem\u00e1s de los transe\u00fantes que a esa hora suelen permanecer en la c\u00e9ntrica calle capitalina.<\/p>\n<p style=\"text-align: justify;\">Seg\u00fan testigos presenciales consultados por Lanzarotelandia en un determinado momento, miembros del colectivo saharaui \u00a0advirtieron la <strong>presencia de un individuo de complexi\u00f3n gruesa, pelo negro y tez blanca<\/strong> que realizaba fotograf\u00edas de primeros planos a los manifestantes. Seg\u00fan relatan personas cercanas a la causa saharaui ese mismo individuo <strong>habr\u00eda asistido a diferentes concentraciones pro-saharauis en los \u00faltimos meses<\/strong>, por lo que, sospechaban en principio, pudiese utilizar las instant\u00e1neas para informar sobre la actividad de los saharauis en la isla, con el peligro que ello podr\u00eda suponer para sus familiares en el territorio ocupado por Marruecos.<\/p>\n<p style=\"text-align: justify;\">Por esa raz\u00f3n, seg\u00fan relatan, uno de los activistas pro-saharauis <strong>decidi\u00f3 fotografiar al individuo, ante lo cual este \u00faltimo reaccion\u00f3 de manera inesperada intentando arrebatar la c\u00e1mara<\/strong>, por lo que se inici\u00f3 un forcejeo. Finalmente, el individuo, de acento espa\u00f1ol peninsular, asegur\u00f3 que era Polic\u00eda Nacional se\u00f1alando a las personas congregadas <strong>con un arma reglamentaria<\/strong>.<\/p>\n<p style=\"text-align: justify;\">Varias personas aseguran haber sido <strong>testigos de este incidente<\/strong>, sin precedentes en la capital de isla, afirmando que se vivieron situaciones de<strong> miedo e incredulidad ante la presencia del arma <\/strong>en una calle tan concurrida y frente a una manifestaci\u00f3n en la que hab\u00eda presentes mayores, mujeres y ni\u00f1os.<\/p>\n<p style=\"text-align: justify;\">El supuesto agente, de paisano, iba acompa\u00f1ado de una mujer y ambos terminaron por entrar en la Cafeter\u00eda Guernica, en la calle Gin\u00e9s de Castro de la capital. Al rato, <strong>miembros de la polic\u00eda Local de Arrecife se presenciaron en el establecimiento y escoltaron en su salida<\/strong> a los supuestos agentes de la Polic\u00eda Nacional -quien desempu\u00f1\u00f3 el arma y su compa\u00f1era, ambos en la foto de la derecha acompa\u00f1ados por polic\u00edas locales-.<\/p>\n<p style=\"text-align: justify;\"><strong><img loading=\"lazy\" decoding=\"async\" class=\"alignleft size-full wp-image-1128\" style=\"margin: 15px;\" title=\"polic\u00eda-escoltado-por-agentes-locales\" src=\"https:\/\/elpobrecitohablador.es\/wordpress\/wp-content\/uploads\/2011\/07\/polic%C3%ADa-escoltado-por-agentes-locales.jpg\" alt=\"\" width=\"300\" height=\"200\" \/>\u201cEn el ejercicio de sus funciones\u201d, seg\u00fan la Delegaci\u00f3n del Gobierno<\/strong><\/p>\n<p style=\"text-align: justify;\">Consultado por este medio, el Director Insular de la Administraci\u00f3n General del Estado, <strong>Orlando Su\u00e1rez<\/strong>, confirma que se tratar\u00eda de <strong>un agente de la Polic\u00eda Nacional de paisano y que efectivamente habr\u00eda mostrado su arma<\/strong> a los presentes, pero que este hecho se habr\u00eda producido despu\u00e9s de que se hubiese identificado como agente \u201cy le hubiesen seguido increpando\u201d.<\/p>\n<p style=\"text-align: justify;\">El director insular asegura que el hecho fue motivado por la actitud de los concentrados que le increparon y aunque especifica \u201cno ser especialista en el asunto\u201d, confirma que <strong>el agente cumpl\u00eda con su trabajo y que habr\u00eda mostrado el arma \u201cpor encontrarse acorralado\u201d<\/strong>. Seg\u00fan el delegado del Gobierno, el agente habr\u00eda recibido una patada y le habr\u00edan tirado de su ropa, aunque desconoce si existe parte de lesiones o denuncia al respecto.<\/p>\n<p style=\"text-align: justify;\"><strong>\u00d9ltima hora:<\/strong><\/p>\n<div>\n<h2 style=\"text-align: justify;\">Polic\u00edas detienen a uno de los ciudadanos que denunciaron al agente que sac\u00f3 su pistola en Arrecife<\/h2>\n<\/div>\n<div id=\"extracto\">\n<p style=\"text-align: justify;\">Desde el entorno del detenido consideran que se \u201cdetiene al denunciante en vez de a quien caus\u00f3 el grabe incidente\u201d<\/p>\n<p style=\"text-align: justify;\">Este s\u00e1bado ha sido detenido por miembros de la Polic\u00eda Nacional <strong>uno de los manifestantes prosaharauis<\/strong> que se vio inmiscuido enel altercado en el que un agente del cuerpo espa\u00f1ol de polic\u00eda <strong>desenfund\u00f3 su arma reglamentaria<\/strong> en pleno centro de Arrecife en el transcurso de una concentraci\u00f3n en favor de la causa saharaui.<\/p>\n<p style=\"text-align: justify;\">Se da la circunstancia de que el detenido, que en el momento de redactarse esta noticia <strong>permanece en las dependencias de la Comisar\u00eda de Arrecife<\/strong>, es una de las personas que decidi\u00f3 <strong>denunciar el ins\u00f3lito incidente ante el juzgado n\u00famero 2 de Arrecife<\/strong> en la ma\u00f1ana de este mismo s\u00e1bado, adem\u00e1s de comunicar lo sucedido a varias personas, llegando la noticia a diferentes medios digitales y redes sociales.<\/p>\n<p style=\"text-align: justify;\">En la denuncia presentada por el ahora detenido, a la que ha tenido acceso este medio, figura que <strong>el individuo luego identificado como polic\u00eda pretendi\u00f3 arrebatarle su c\u00e1mara de fotos<\/strong> ante lo cual el primero reaccion\u00f3 inici\u00e1ndose un forcejeo. Varios miembros del colectivo saharaui recriminaron su actitud inici\u00e1ndose una trifulca verbal tras lo cual \u201c<strong>esta persona -en relaci\u00f3n al polic\u00eda- sac\u00f3 un arma de fuego y apunt\u00f3 a varias personas diciendo que \u00e9l era polic\u00eda<\/strong>\u201c.<\/p>\n<p style=\"text-align: justify;\">Pocas horas despu\u00e9s de presentar esta denuncia, J.M.B., iniciales del detenido, era arrestado en Arrecife por agentes de la Polic\u00eda Nacional. Desde su entorno, en declaraciones a este medio, aseguran que \u201c<strong>se est\u00e1 intentando ocultar el hecho realmente grabe, el altercado con el arma protagonizado por la polic\u00eda <\/strong>actuando indiscriminadamente contra quien lo ha denunciado\u201d.<\/p>\n<p style=\"text-align: justify;\"><img loading=\"lazy\" decoding=\"async\" class=\"alignleft size-full wp-image-1129\" style=\"margin: 15px;\" title=\"comisaria-lanzarote\" src=\"https:\/\/elpobrecitohablador.es\/wordpress\/wp-content\/uploads\/2011\/07\/comisaria-lanzarote.jpg\" alt=\"\" width=\"254\" height=\"176\" \/>Destacan estas fuentes que el ahora detenido \u201c<strong>no fue amonestado en el momento del incidente a pesar de personarse en el lugar de los hechos efectivos de la Polic\u00eda local\u201d<\/strong>, que terminaron escoltando al polic\u00eda secreto. Por ello sospechan de las verdaderas intenciones de esta detenci\u00f3n contra el denunciante y afirman que \u201cen vez de actuar contra quien esgrimi\u00f3 una pistola en una concentraci\u00f3n pac\u00edfica lo hacen contra quien denuncia\u201d.<\/p>\n<\/div>\n","protected":false},"excerpt":{"rendered":"<p>Somos menos q una colonia &#8230; ni existimos en los falsimedias Isla perif\u00e9rica, no capitalina y colonia, no existe para los falsimedia y los matones campan por sus anchas con patentes de corso, los virreyes de las islas no tienen que rendir cuenta ni ante opini\u00f3n publica, ni ante justicia ni ante nadie..esto es el [&hellip;]<\/p>\n","protected":false},"author":290,"featured_media":0,"comment_status":"closed","ping_status":"closed","sticky":false,"template":"","format":"standard","meta":{"footnotes":""},"categories":[241,248,18,3,57,249,14],"tags":[514,515,487,491],"class_list":["post-1124","post","type-post","status-publish","format-standard","hentry","category-15m","category-19j","category-actualidad","category-canarias","category-derechos-humanos","category-policia","category-terrorismo-de-estado","tag-15m","tag-19j","tag-canarias","tag-terrorismo-de-estado"],"_links":{"self":[{"href":"https:\/\/elpobrecitohablador.es\/wordpress\/wp-json\/wp\/v2\/posts\/1124","targetHints":{"allow":["GET"]}}],"collection":[{"href":"https:\/\/elpobrecitohablador.es\/wordpress\/wp-json\/wp\/v2\/posts"}],"about":[{"href":"https:\/\/elpobrecitohablador.es\/wordpress\/wp-json\/wp\/v2\/types\/post"}],"author":[{"embeddable":true,"href":"https:\/\/elpobrecitohablador.es\/wordpress\/wp-json\/wp\/v2\/users\/290"}],"replies":[{"embeddable":true,"href":"https:\/\/elpobrecitohablador.es\/wordpress\/wp-json\/wp\/v2\/comments?post=1124"}],"version-history":[{"count":4,"href":"https:\/\/elpobrecitohablador.es\/wordpress\/wp-json\/wp\/v2\/posts\/1124\/revisions"}],"predecessor-version":[{"id":1127,"href":"https:\/\/elpobrecitohablador.es\/wordpress\/wp-json\/wp\/v2\/posts\/1124\/revisions\/1127"}],"wp:attachment":[{"href":"https:\/\/elpobrecitohablador.es\/wordpress\/wp-json\/wp\/v2\/media?parent=1124"}],"wp:term":[{"taxonomy":"category","embeddable":true,"href":"https:\/\/elpobrecitohablador.es\/wordpress\/wp-json\/wp\/v2\/categories?post=1124"},{"taxonomy":"post_tag","embeddable":true,"href":"https:\/\/elpobrecitohablador.es\/wordpress\/wp-json\/wp\/v2\/tags?post=1124"}],"curies":[{"name":"wp","href":"https:\/\/api.w.org\/{rel}","templated":true}]}}