{"id":1121,"date":"2011-07-18T17:07:53","date_gmt":"2011-07-18T16:07:53","guid":{"rendered":"http:\/\/elpobrecitohablador.es\/wordpress\/?p=1121"},"modified":"2011-07-18T17:07:53","modified_gmt":"2011-07-18T16:07:53","slug":"perros-flautas-vs-izquierda-ilusoria","status":"publish","type":"post","link":"https:\/\/elpobrecitohablador.es\/wordpress\/2011\/07\/18\/perros-flautas-vs-izquierda-ilusoria\/","title":{"rendered":"\u00abperros flautas\u00bb Vs  \u00abizquierda ilusoria\u00bb"},"content":{"rendered":"<p><img loading=\"lazy\" decoding=\"async\" class=\"alignleft size-full wp-image-1120\" style=\"margin: 15px;\" title=\"15mpotage\" src=\"https:\/\/elpobrecitohablador.es\/wordpress\/wp-content\/uploads\/2011\/07\/15mpotage.jpg\" alt=\"\" width=\"300\" height=\"300\" srcset=\"https:\/\/elpobrecitohablador.es\/wordpress\/wp-content\/uploads\/2011\/07\/15mpotage.jpg 300w, https:\/\/elpobrecitohablador.es\/wordpress\/wp-content\/uploads\/2011\/07\/15mpotage-150x150.jpg 150w\" sizes=\"auto, (max-width: 300px) 100vw, 300px\" \/>Algunos pespuntes sobre DRY &#8211; PCPE &#8211; IA &#8211; IU &#8211; la izquierda, el 15M, las asambleas\u00a0 y la alienaci\u00f3n<\/p>\n<p style=\"text-align: justify;\">La alienaci\u00f3n ha penetrado en lo m\u00e1s profundo del ideario humano actual, y con m\u00e1s sa\u00f1a en los marxistas; podemos leer, debatir, aportar y criticar de una punta a otra del planeta, pero somos incapaces de construir alternativas serias al canibalismo-capitalismo. Son los desposeid@s m\u00e1s conscientes los que toman las calles y lo m\u00e1s importante asumen como forma de organizaci\u00f3n la asamblea, denunciando el verticalismo, el popismo, y los mas vacuos personalismo que imperan hasta en los m\u00e1s reclamados de izquierda.<\/p>\n<p style=\"text-align: justify;\">El culto a la personalidad es inversamente proporcional a la importancia del personaje; a m\u00e1s safio m\u00e1s endiosado. As\u00ed tenemos flamantes \u00abgenerales secretarios\u00bb de estatales y locales partidos que no interact\u00faan ni por internet. El rebajarse a responder o postear, lo dejan para los \u00abcorreveydiles\u00bb, todos valient\u00edsimos an\u00f3nimos no sea que el l\u00edder cambie y queden con el culo al aire para otros futuros laudatorios.<\/p>\n<p style=\"text-align: justify;\">Cuando <strong>Heinz Dieterich(1) se <\/strong>baja a la arena aclarando lo de las \u00abcuatro esferas\u00bb, nos alegra este 18 de Julio \u00abmal par\u00edo\u00bb, en el que la \u00fanica esperanza de cambio real del sistema lo representan los miles de \u00abperros flautas\u00bb con m\u00e1s voluntad que experiencia y formaci\u00f3n revolucionaria, mientras las supuestas vanguardias marxistas, anarquistas, trotskistas, hasta mao\u00edstas deshojan la margarita: del \u00abperros flautas\u00bb o\u00a0 \u00ab<strong>izquierda ilusoria\u00bb (2)<\/strong>.<\/p>\n<p style=\"text-align: justify;\">Cualquiera con un twitter consigue m\u00e1s seguidores que estos \u00abcarism\u00e1ticos\u00bb dirigentes y adem\u00e1s est\u00e1 m\u00e1s cercano y m\u00e1s consciente de la necesidad de contar con la mayor\u00eda para derrotar al sistema m\u00e1s ferozmente destructivo del planeta y del propio ser humano. Puestos a elegir, me quedo con el arquitecto novato y en proyecto de fin de carrera frente al madurito<strong>(3)<\/strong> e instalado hasta el punto de trabajar para ayuntamientos especulosos. Claro que es a nivel personal. Igualito que el Cayo: acull\u00e1 soy colectivo y m\u00e1s ac\u00e1 individuo.<\/p>\n<p style=\"text-align: justify;\">Puro pensamiento marxista coherente, si la infraestructura determina la superestructura, prefiero las ideas de chaval@s en precario, becarios, en paro y desahuciados que los de los muy pomposos arquitectos, escritores, tristes poetas, intelectuales perfumados, abogados prestigiados y un largo etc\u00e9tera de autoproclamados los m\u00e1s puros revolucionarios de brindis y kaos en la red.<\/p>\n<p style=\"text-align: justify;\">Al igual que a los de la \u00abceja\u00bb, les recorre el omnipresente individualismo de la sacrosanta propiedad, inmaterial y material, haciendo incluso de vulgares encubridores de chorizos; a los de tradici\u00f3n comunistas y de la reconciliaci\u00f3n nacional \u00abcarrillista\u00bb, les atraviesan las pasiones del sectarismo y el capillismo m\u00e1s grosero, unido al izquierdismo trotskista e infantilismo nacionalista, en general en canarias y el resto del estado, salvando Euskalherria. Esto nos llevan al 15M-19J y a este 18 de Julio \u00abmal pario\u00bb, de negaci\u00f3n de lo evidente: el sistema se precipita al vac\u00edo y los que levantar\u00e1n el nuevo mundo solo cuentan con la asamblea popular, el mejor medio de conocimiento colectivo, el genuino marxismo del materialismo dial\u00e9ctico, tesis-antitesis-s\u00edntesis de propuestas e ideas y la praxis cotidiana. Stop desahucios, stop recortes, stop cierres de colegios, hospitales y guarder\u00edas, como los indignados denuncian hoy el cierre de la \u00fanica guarder\u00eda de \u00abLa Aldea\u00bb en Gran Canaria, hoy m\u00e1s global que nunca. Son la prueba de lo cient\u00edfico del m\u00e9todo marxista, que hasta los \u00abperros flautas\u00bb lo asumen sin saberlo y los que no lo hab\u00edan repudiado a\u00fan, siguen neg\u00e1ndolo infinidad de veces, m\u00e1s incluso que el b\u00edblico pedro.<\/p>\n<p style=\"text-align: justify;\">No podemos dejar de apuntar al debate las excepciones honrosas de participaci\u00f3n, apoyo y compromiso de los anarquistas. En canarias algunos comunistas honestos a nivel personal y en el resto del estado por lo le\u00eddo: Corriente Roja, Marinaleda y bastantes grupos de revolucionarios dispersos por el resto de pueblos del Estado.<\/p>\n<p style=\"text-align: justify;\">http:\/\/ElPobrecitoHablador.Es<\/p>\n<p style=\"text-align: justify;\"><strong>(1) Democracia y Modernidad Socialista en China Heinz Dieterich<\/strong> | Para Kaos en la Red <strong> <a href=\"http:\/\/www.kaosenlared.net\/noticia\/democracia-modernidad-socialista-china\" target=\"_blank\">http:\/\/www.kaosenlared.net\/noticia\/democracia-modernidad-socialista-china<\/a><\/strong><\/p>\n<p style=\"text-align: justify;\"><strong>(2) Teodoro Santana \/ PRCC<\/strong> |\u00a0 <strong> <a href=\"http:\/\/www.kaosenlared.net\/noticia\/la-izquierda-ilusoria\" target=\"_blank\">http:\/\/www.kaosenlared.net\/noticia\/la-izquierda-ilusoria<\/a><\/strong><\/p>\n<p style=\"text-align: justify;\"><strong>(3) Es a la burgues\u00eda a quien conviene la unidad reformista, y no a la clase obrera Carmelo Su\u00e1rez<\/strong> | PCPE <strong>\u00a0<a href=\"unsaved:\/\/\/Carmelo%20Su\u00e1rez%20|%20PCPE\" target=\"_blank\">http:\/\/www.kaosenlared.net\/noticia\/burguesia-quien-conviene-unidad-reformista-no-clase-obrera<\/a><\/strong><\/p>\n","protected":false},"excerpt":{"rendered":"<p>Algunos pespuntes sobre DRY &#8211; PCPE &#8211; IA &#8211; IU &#8211; la izquierda, el 15M, las asambleas\u00a0 y la alienaci\u00f3n La alienaci\u00f3n ha penetrado en lo m\u00e1s profundo del ideario humano actual, y con m\u00e1s sa\u00f1a en los marxistas; podemos leer, debatir, aportar y criticar de una punta a otra del planeta, pero somos incapaces [&hellip;]<\/p>\n","protected":false},"author":290,"featured_media":0,"comment_status":"closed","ping_status":"closed","sticky":false,"template":"","format":"standard","meta":{"footnotes":""},"categories":[241,248,18,17,112,3,199,208,9,22,202],"tags":[514,515,494,487,103,80,488],"class_list":["post-1121","post","type-post","status-publish","format-standard","hentry","category-15m","category-19j","category-actualidad","category-anticapitalismo","category-antimperialismo","category-canarias","category-lucha-de-clases","category-lucha-obrera","category-marxismo","category-pensamiento-libre","category-unidad-comunista","tag-15m","tag-19j","tag-anticapitalismo","tag-canarias","tag-clase-obrera","tag-comunismo","tag-marxismo"],"_links":{"self":[{"href":"https:\/\/elpobrecitohablador.es\/wordpress\/wp-json\/wp\/v2\/posts\/1121","targetHints":{"allow":["GET"]}}],"collection":[{"href":"https:\/\/elpobrecitohablador.es\/wordpress\/wp-json\/wp\/v2\/posts"}],"about":[{"href":"https:\/\/elpobrecitohablador.es\/wordpress\/wp-json\/wp\/v2\/types\/post"}],"author":[{"embeddable":true,"href":"https:\/\/elpobrecitohablador.es\/wordpress\/wp-json\/wp\/v2\/users\/290"}],"replies":[{"embeddable":true,"href":"https:\/\/elpobrecitohablador.es\/wordpress\/wp-json\/wp\/v2\/comments?post=1121"}],"version-history":[{"count":1,"href":"https:\/\/elpobrecitohablador.es\/wordpress\/wp-json\/wp\/v2\/posts\/1121\/revisions"}],"predecessor-version":[{"id":1122,"href":"https:\/\/elpobrecitohablador.es\/wordpress\/wp-json\/wp\/v2\/posts\/1121\/revisions\/1122"}],"wp:attachment":[{"href":"https:\/\/elpobrecitohablador.es\/wordpress\/wp-json\/wp\/v2\/media?parent=1121"}],"wp:term":[{"taxonomy":"category","embeddable":true,"href":"https:\/\/elpobrecitohablador.es\/wordpress\/wp-json\/wp\/v2\/categories?post=1121"},{"taxonomy":"post_tag","embeddable":true,"href":"https:\/\/elpobrecitohablador.es\/wordpress\/wp-json\/wp\/v2\/tags?post=1121"}],"curies":[{"name":"wp","href":"https:\/\/api.w.org\/{rel}","templated":true}]}}