{"id":1072,"date":"2011-06-23T17:45:02","date_gmt":"2011-06-23T16:45:02","guid":{"rendered":"http:\/\/elpobrecitohablador.es\/wordpress\/?p=1072"},"modified":"2011-06-23T17:50:19","modified_gmt":"2011-06-23T16:50:19","slug":"video-anonymous-operacion-telefonica-contra-los-despidos-masivos-para-este-domingo-26-de-junio","status":"publish","type":"post","link":"https:\/\/elpobrecitohablador.es\/wordpress\/2011\/06\/23\/video-anonymous-operacion-telefonica-contra-los-despidos-masivos-para-este-domingo-26-de-junio\/","title":{"rendered":"[V\u00eddeo] Anonymous Operaci\u00f3n Telef\u00f3nica contra los despidos masivos para este domingo 26 de junio."},"content":{"rendered":"<p style=\"text-align: justify;\"><img loading=\"lazy\" decoding=\"async\" class=\"alignleft size-full wp-image-1073\" style=\"margin: 15px;\" title=\"movistar\" src=\"https:\/\/elpobrecitohablador.es\/wordpress\/wp-content\/uploads\/2011\/06\/movistar.jpg\" alt=\"\" width=\"224\" height=\"225\" srcset=\"https:\/\/elpobrecitohablador.es\/wordpress\/wp-content\/uploads\/2011\/06\/movistar.jpg 224w, https:\/\/elpobrecitohablador.es\/wordpress\/wp-content\/uploads\/2011\/06\/movistar-150x150.jpg 150w\" sizes=\"auto, (max-width: 224px) 100vw, 224px\" \/>Esta operaci\u00f3n, denominada #optelefonica, se est\u00e1 coordinando en protesta por el despido masivo de empleados de Telef\u00f3nica Movistar, programado por sus directivos a la vez que ellos mismos hip\u00f3critamente incrementan sus ya abundantes beneficios y salarios. Igualmente buscamos poner freno de una vez a los abusos comerciales y las tarifas astron\u00f3micas que nos imponen, al mismo tiempo que deploramos su colaboraci\u00f3n con el control pol\u00edtico-econ\u00f3mico de Internet y la competencia desleal y el boicot que promueven hacia medios de comunicaci\u00f3n alternativos y gratuitos como los programas de telefon\u00eda a trav\u00e9s de la red. Los ataques a sus webs se realizar\u00e1n este Domingo 26 de Junio, y previsiblemente colapsar\u00e1n temporalmente la red. EST\u00c1IS AVISADOS.<\/p>\n<p style=\"text-align: justify;\">SE PIDE LA COLABORACI\u00d3N DE TODOS LOS INTERNAUTAS<\/p>\n<p style=\"text-align: justify;\">INFORMACI\u00d3N PARA TODOS LOS INTERESADOS EN PARTICIPAR:\u00a0<\/p>\n<p style=\"text-align: justify;\">La operaci\u00f3n se sincronizar\u00e1 a traves del canal irc.anonops.li<\/p>\n<p style=\"text-align: justify;\">Para iniciarse en la colaboraci\u00f3n con Anonymous consultar este enlace\u00a0 <a title=\"http:\/\/hispanon.blogspot.com\/\" href=\"http:\/\/hispanon.blogspot.com\/\"><span style=\"color: #134d86;\">http:\/\/hispanon.blogspot.com\/<\/span><\/a><\/p>\n<p style=\"text-align: justify;\">VIDEO DE LA OPERACI\u00d3N:\u00a0 <a title=\"http:\/\/www.youtube.com\/watch?v=RvzChkRLXxE\" href=\"http:\/\/www.youtube.com\/watch?v=RvzChkRLXxE\"><span style=\"color: #134d86;\">http:\/\/www.youtube.com\/watch?v=RvzChkRLXxE<\/span><\/a><\/p>\n<p style=\"text-align: justify;\">NI OLVIDAMOS NI PERDONAMOS<\/p>\n<p style=\"text-align: justify;\">ESPERADNOS<\/p>\n<p style=\"text-align: justify;\">\u00a0<\/p>\n<p><iframe loading=\"lazy\" width=\"425\" height=\"349\" src=\"http:\/\/www.youtube.com\/embed\/RvzChkRLXxE\" frameborder=\"0\" allowfullscreen><\/iframe><\/p>\n","protected":false},"excerpt":{"rendered":"<p>Esta operaci\u00f3n, denominada #optelefonica, se est\u00e1 coordinando en protesta por el despido masivo de empleados de Telef\u00f3nica Movistar, programado por sus directivos a la vez que ellos mismos hip\u00f3critamente incrementan sus ya abundantes beneficios y salarios. Igualmente buscamos poner freno de una vez a los abusos comerciales y las tarifas astron\u00f3micas que nos imponen, al [&hellip;]<\/p>\n","protected":false},"author":290,"featured_media":0,"comment_status":"closed","ping_status":"closed","sticky":false,"template":"","format":"standard","meta":{"footnotes":""},"categories":[244,17,112,199],"tags":[250,245,494],"class_list":["post-1072","post","type-post","status-publish","format-standard","hentry","category-anonymous","category-anticapitalismo","category-antimperialismo","category-lucha-de-clases","tag-26j","tag-anonymous-2","tag-anticapitalismo"],"_links":{"self":[{"href":"https:\/\/elpobrecitohablador.es\/wordpress\/wp-json\/wp\/v2\/posts\/1072","targetHints":{"allow":["GET"]}}],"collection":[{"href":"https:\/\/elpobrecitohablador.es\/wordpress\/wp-json\/wp\/v2\/posts"}],"about":[{"href":"https:\/\/elpobrecitohablador.es\/wordpress\/wp-json\/wp\/v2\/types\/post"}],"author":[{"embeddable":true,"href":"https:\/\/elpobrecitohablador.es\/wordpress\/wp-json\/wp\/v2\/users\/290"}],"replies":[{"embeddable":true,"href":"https:\/\/elpobrecitohablador.es\/wordpress\/wp-json\/wp\/v2\/comments?post=1072"}],"version-history":[{"count":2,"href":"https:\/\/elpobrecitohablador.es\/wordpress\/wp-json\/wp\/v2\/posts\/1072\/revisions"}],"predecessor-version":[{"id":1075,"href":"https:\/\/elpobrecitohablador.es\/wordpress\/wp-json\/wp\/v2\/posts\/1072\/revisions\/1075"}],"wp:attachment":[{"href":"https:\/\/elpobrecitohablador.es\/wordpress\/wp-json\/wp\/v2\/media?parent=1072"}],"wp:term":[{"taxonomy":"category","embeddable":true,"href":"https:\/\/elpobrecitohablador.es\/wordpress\/wp-json\/wp\/v2\/categories?post=1072"},{"taxonomy":"post_tag","embeddable":true,"href":"https:\/\/elpobrecitohablador.es\/wordpress\/wp-json\/wp\/v2\/tags?post=1072"}],"curies":[{"name":"wp","href":"https:\/\/api.w.org\/{rel}","templated":true}]}}