{"id":1017,"date":"2011-06-15T22:19:42","date_gmt":"2011-06-15T21:19:42","guid":{"rendered":"http:\/\/elpobrecitohablador.es\/wordpress\/?p=1017"},"modified":"2011-06-15T22:31:43","modified_gmt":"2011-06-15T21:31:43","slug":"detener-al-parlamento","status":"publish","type":"post","link":"https:\/\/elpobrecitohablador.es\/wordpress\/2011\/06\/15\/detener-al-parlamento\/","title":{"rendered":"!Detener al parlamento!"},"content":{"rendered":"<p style=\"text-align: justify;\">\u00a0<\/p>\n<p style=\"text-align: justify;\"><span style=\"text-decoration: underline;\"><strong>SEGUIMIENTO DIRECTO EN TWITTER:<\/strong><\/span><\/p>\n<p style=\"text-align: justify;\"><strong><a href=\"http:\/\/twitter.com\/search?q=%23aturemparlament\" target=\"_blank\">#aturemparlament<\/a><\/strong><\/p>\n<p style=\"text-align: justify;\"><strong><a href=\"http:\/\/twitter.com\/search?q=%23parlamentcamp\" target=\"_blank\">#parlamentcamp<\/a> <a href=\"http:\/\/twitter.com\/search?q=%2315m15j\" target=\"_blank\"><\/a><\/strong><\/p>\n<p style=\"text-align: justify;\"><strong>\u00a0<\/strong><strong><a title=\"Manel M\u00e1rquez\" href=\"http:\/\/twitter.com\/#%21\/manelmarquez\">@manelmarquez<\/a>\u00a0 \u00a0 \u00a0 <\/strong><\/p>\n<p style=\"text-align: justify;\"><strong><span style=\"text-decoration: underline;\">Nota informativa Acampada Barcelona\u00a0 <\/span><\/strong><\/p>\n<p style=\"text-align: justify;\">A las 6:45 horas de esta ma\u00f1ana, la Comisi\u00f3n de Comunicaci\u00f3n se ha dirigido a los medios por esta misma v\u00eda. El comunicado era escueto y conciso: hac\u00eda unos pocos minutos que un elevado n\u00famero de efectivos del cuerpo de Mossos d&#8217;Esquadra comenzaban a actuar contra los acampados y concentrados en la puerta noroeste del parque de la Ciutadella (Pujades con Wellington). Poco a poco el ambiente ha ido haci\u00e9ndose m\u00e1s tenso. El grupo de personas all\u00ed concentradas ha sido disuelto incluso con el uso de la fuerza, la violencia y la coacci\u00f3n. Entonces se han producido las primeras cargas policiales de la ma\u00f1ana mientras \u00edbamos constatando que ning\u00fan medio de comunicaci\u00f3n estaba cubriendo lo que ocurr\u00eda en los alrededores de la Ciutadella en ese momento.<\/p>\n<p style=\"text-align: justify;\">Sin embargo, la acci\u00f3n policial en ese punto no se ha limitado a disolver \u00fanicamente a los concentrados y ha vuelto a traspasar las l\u00edneas rojas de los m\u00ednimos derechos sociales. Los antidisturbios y otros agentes policiales, una vez m\u00e1s sin la identificaci\u00f3n visible obligada seg\u00fan la normativa aprobada en 2008, comenzaban a realizar detenciones con el objetivo de intimidar y confiscar tel\u00e9fonos m\u00f3viles y c\u00e1maras fotogr\u00e1ficas o de v\u00eddeo con las que registrar lo que estaba ocurriendo. Ese comportamiento, claramente represivo y antidemocr\u00e1tico, ha contribuido a crear un ambiente de tensi\u00f3n que va m\u00e1s all\u00e1 de la creciente indignaci\u00f3n que existe en cada vez m\u00e1s sectores de la sociedad. Una mayor\u00eda de personas, conscientes de la tensa situaci\u00f3n que se viv\u00eda han estado intentando calmar los \u00e1nimos de algunos. M\u00e1s tarde, en la Asamblea celebrada este mediod\u00eda en la puerta noroeste del parque, se ha lamentado y condenado los minoritarios actos violentos que se han producido.<\/p>\n<p style=\"text-align: justify;\">En ese momento los primeros parlamentarios comenzaban a acceder al parque. Al principio, sobre todo a pie y por la puerta noreste (Wellington con Circumvalaci\u00f3) y m\u00e1s tarde, mayoritariamente en coche, por la puerta noroeste (Pujades \/ Wellington). En ese momento, algunas personas concentradas han lanzado gritos contra los pol\u00edticos que promueven o facilitan la aplicaci\u00f3n de los recortes sociales en los Presupuestos de 2011 y la ins\u00f3lita ley \u00d3mnibus que hoy se pretend\u00eda tratar. Al tiempo, muchas otras, intentaron que la determinaci\u00f3n de la protesta siguiera siendo compatible con la acci\u00f3n pac\u00edfica. A pesar de lo que algunos medios hayan reproducido, esa ha sido la t\u00f3nica general de la ma\u00f1ana, mucha tensi\u00f3n pero mayoritariamente no-violenta y autocontrolada. Al tiempo que comprendemos la tensi\u00f3n e indignaci\u00f3n por la aprobaci\u00f3n de unas medidas econ\u00f3micas realmente injustas, lamentamos las minoritarias acciones que se han salido del gui\u00f3n de acci\u00f3n determinada y no-violenta, que se hab\u00eda difundido, promovido y aprobado por la Asamblea General para las movilizaciones del 14 y 15 de junio.<\/p>\n<p style=\"text-align: justify;\">Ante la crispaci\u00f3n de algunos, cabe destacar la masiva afluencia de gente pac\u00edfica que ha promovido la no-violencia entre quienes nos manifest\u00e1bamos. La mayor\u00eda de intentos de utilizar medidas de acci\u00f3n ciudadana fuera de lo acordado se han intentado repeler con cierto \u00e9xito por la mayor\u00eda pacifica de concentrados, as\u00ed como por los medios on-line y redes sociales de que disponemos.<\/p>\n<p style=\"text-align: justify;\">Con respecto a la actuaci\u00f3n de los poderes p\u00fablicos a lo largo de las \u00faltimas horas, condenamos rotundamente la estrategia manifiestamente violenta que han ejercido algunas unidades policiales, especialmente en momentos en los que no han permitido que quede constancia, as\u00ed como la legitimidad que se le pretende otorgar a la aprobaci\u00f3n de la Ley \u00d3mnibus y los graves recortes sociales que quienes no nos representan pretenden imponer a toda la ciudadan\u00eda.<\/p>\n<p style=\"text-align: justify;\">Las comisiones de Comunicaci\u00f3n y de Movilizaci\u00f3n 14\/15J del movimiento 15-M quieren hacer saber el siguiente a la sociedad respeto los hechos acontecidos durante esta ma\u00f1ana al Parque de la Ciutadella:<\/p>\n<p style=\"text-align: justify;\">?\u00a0 Esta ma\u00f1ana m\u00e1s de 4000 personas han participado a la acci\u00f3n de desobediencia civil colectiva planteada por el movimiento ante del debate de la aprobaci\u00f3n de los presupuestos y contra la Ley \u00d2mnibus, una medida que la mayor\u00eda de la sociedad civil catalana rechaza en cuanto que se aprueba utilizando un mecanismo antidemocr\u00e1tico y poco transparente como un decreto que modifica en 80 leyes, con claros componentes de inconstitucionalidad y las consecuencias del cual generar\u00e1n una grave devaluaci\u00f3n de la calidad de vida de los y las catalanas, as\u00ed como un crecimiento de la exclusi\u00f3n social, las desigualdades y la conflictividad social. Esta acci\u00f3n, surgida del movimiento de los indignados e indignadas, es una de las propuestas que como movimiento hemos articulado por proponer una salida de la crisis que no recaiga sobre la poblaci\u00f3n m\u00e1s desfavorecida.<\/p>\n<p style=\"text-align: justify;\">?\u00a0 En esta acci\u00f3n han participado m\u00e1s de 30 asambleas de barrios y pueblos del Barcelon\u00e8s y el resto de Catalunya y entidades representativas de los sindicatos, el movimiento vecinal, estudiantil, el feminismo, el ecologismo&#8230; que confluyeron anoche en 14 marchas que cruzaron la ciudad hasta la Ciutadella.<\/p>\n<p style=\"text-align: justify;\">?\u00a0 Durante el transcurso del bloqueo a las diferentes puertas de la Ciutadella, el gran grueso de la gente participando ha practicado una estrategia de resistencia activa no violenta, interponiendo sus cuerpos a los accesos al recinto, que estaba fortificado y custodiado por Mossos d\u2019Escuadra desde ayer por la tarde. Tal y como se consensu\u00f3 a las asambleas preparatorias, la gente ha restado sentada o de pie ante de los Mossos d&#8217;Esquadra y han gritado consignas y canciones contra los recortes, la Ley \u00d2mnibus y la nefasta gesti\u00f3n de la crisis por parte de los responsables pol\u00edticos.<\/p>\n<p style=\"text-align: justify;\">?\u00a0 M\u00e1s de 30 personas participantes al bloqueo han resultado heridas durante las cargas policiales, que se han producido desde las 6.30 horas de la madrugada. Como resultado tres personas est\u00e1n al hospital y un de ellos ha recibido un grave golpe en un ojo. Cabe destacar que los Mossos d&#8217;Esquadra han impedido el acceso de los medios de comunicaci\u00f3n en varios espacios del per\u00edmetro de la Ciutadella y han confiscado tel\u00e9fonos m\u00f3viles y c\u00e1maras de manifestantes por impedirlos grabar estas situaciones. Como de costumbre, el Departamento de Interior ha infiltrado numerosos polic\u00edas de paisano que han originado incidentes, como se puede comprobar en las im\u00e1genes adjuntas.<\/p>\n<p style=\"text-align: justify;\">?\u00a0 Durante el bloqueo se ha vivido mucha tensi\u00f3n, contenida de forma inteligente y serena por las miles de personas participantes. Tambi\u00e9n se han producido incidentes aislados en los que algunos diputadas y diputados (desconocemos el n\u00famero concreto) que han cruzado entre el gent\u00edo han sido objeto de insultos,\u00a0 \u00a0 lanzamiento de agua y de pintura por parte de algunas personas. Los y las participantes en el bloqueo han hecho pasillos entre la gente para que salieran y, seg\u00fan nuestras informaciones, todos y todas han salido ilesos gracias a la acci\u00f3n de los y las manifestantes que han parado posibles agresiones f\u00edsicas.<\/p>\n<p style=\"text-align: justify;\">?\u00a0 Queremos aclarar que la acci\u00f3n de bloqueo de esta ma\u00f1ana se enmarca en una estrategia de desobediencia civil pac\u00edfica y colectiva ante la aprobaci\u00f3n de leyes injustas, un derecho leg\u00edtimo y practicado por este pa\u00eds en varios episodios de su historia reciente, como por ejemplo la Transici\u00f3n. Esta desobediencia activa no violenta, pac\u00edfica pero determinada, es la expresi\u00f3n de los acuerdos a los que ha llegado el movimiento del 15-M a lo largo de las asambleas celebradas en Plaza Catalunya durante el \u00faltimo mes. Las acciones que no han seguido esta estrategia no representan el movimiento.<\/p>\n<p style=\"text-align: justify;\">?\u00a0 El movimiento 15-M, nacido de la indignaci\u00f3n ante la nefasta gesti\u00f3n de la crisis que los responsables pol\u00edticos estatales y catalanes est\u00e1n haciendo, es un movimiento joven, diverso y plural, que quiere dar una salida constructiva y articulada al descontento social que generan las pol\u00edticas que privilegian los beneficios de pocos y generan el malestar del resto. En numerosas ocasiones hemos demostrado nuestra naturaleza pac\u00edfica. En un d\u00eda como hoy, en qu\u00e9 los m\u00e1ximos responsables del Parlament han accedido en helic\u00f3ptero al recinto donde se ubica el hemiciclo ante la masiva respuesta de rechazo a las pol\u00edticas que est\u00e1n aprobando, nos parece inadmisible que se nos pretenda culpar de todas las muestras de descontento social que se han congregado ante la Ciutadella.<\/p>\n<p style=\"text-align: justify;\">?\u00a0 El movimiento 15-M no ha hecho sino empezar, las plazas y las asambleas se multiplican, y con ellas la ilusi\u00f3n y la capacidad de generar respuestas consensuadas e incluyentes a este contexto de crisis y planos de ajuste estructurales encubiertos que recorre Europa. Hoy, por ejemplo, a la asamblea de valoraci\u00f3n que hemos hecho a las 13.30 del mediod\u00eda ante el Parlamento, han surgido propuestas como someter a refer\u00e9ndum la aprobaci\u00f3n de la Ley \u00d2mnibus, como se ha hecho a pa\u00edses en situaciones similares como Islandia o Grecia.<\/p>\n<p style=\"text-align: justify;\">?\u00a0 El movimiento de indignadas e indignados es un clamor a la clase pol\u00edtica para qu\u00e9 no ponga nuestras vidas en manos de los bancos y los especuladores. Pensamos que el Gobierno de la Generalitat tiene la oportunidad de escucharlo y enderezar esta situaci\u00f3n, en ninguna parte de recurrir a las habituales recetas criminalizadoras y represivas que usan los gobiernos que temen a la ciudadan\u00eda.<\/p>\n<p style=\"text-align: justify;\">?\u00a0 Hemos empezado a andar, seguimos en movimiento y sabemos que la ciudadan\u00eda comparte nuestras denuncias y quiere articular respuestas y propuestas. Invitamos a toda la sociedad catalana a participar en la manifestaci\u00f3n del pr\u00f3ximo 19 de junio, que como ya hemos reafirmado en nuestra joven pero importante trayectoria, ser\u00e1 pac\u00edfica, l\u00fadica y reivindicativa.<\/p>\n<p style=\"text-align: justify;\">\u00a0<\/p>\n<p>\n<iframe loading=\"lazy\" width=\"560\" height=\"350\"  src=\"http:\/\/pluralia.tv\/embed\/1772\" frameborder=\"0\" allowfullscreen><\/iframe><\/p>\n","protected":false},"excerpt":{"rendered":"<p>\u00a0 SEGUIMIENTO DIRECTO EN TWITTER: #aturemparlament #parlamentcamp \u00a0@manelmarquez\u00a0 \u00a0 \u00a0 Nota informativa Acampada Barcelona\u00a0 A las 6:45 horas de esta ma\u00f1ana, la Comisi\u00f3n de Comunicaci\u00f3n se ha dirigido a los medios por esta misma v\u00eda. El comunicado era escueto y conciso: hac\u00eda unos pocos minutos que un elevado n\u00famero de efectivos del cuerpo de Mossos [&hellip;]<\/p>\n","protected":false},"author":290,"featured_media":0,"comment_status":"closed","ping_status":"closed","sticky":false,"template":"","format":"standard","meta":{"footnotes":""},"categories":[241,18,17,119,199,208],"tags":[230,514,246,494,247],"class_list":["post-1017","post","type-post","status-publish","format-standard","hentry","category-15m","category-actualidad","category-anticapitalismo","category-falsimedia","category-lucha-de-clases","category-lucha-obrera","tag-15-mayo","tag-15m","tag-acampada-bcn","tag-anticapitalismo","tag-paremos-al-parlamento"],"_links":{"self":[{"href":"https:\/\/elpobrecitohablador.es\/wordpress\/wp-json\/wp\/v2\/posts\/1017","targetHints":{"allow":["GET"]}}],"collection":[{"href":"https:\/\/elpobrecitohablador.es\/wordpress\/wp-json\/wp\/v2\/posts"}],"about":[{"href":"https:\/\/elpobrecitohablador.es\/wordpress\/wp-json\/wp\/v2\/types\/post"}],"author":[{"embeddable":true,"href":"https:\/\/elpobrecitohablador.es\/wordpress\/wp-json\/wp\/v2\/users\/290"}],"replies":[{"embeddable":true,"href":"https:\/\/elpobrecitohablador.es\/wordpress\/wp-json\/wp\/v2\/comments?post=1017"}],"version-history":[{"count":3,"href":"https:\/\/elpobrecitohablador.es\/wordpress\/wp-json\/wp\/v2\/posts\/1017\/revisions"}],"predecessor-version":[{"id":1019,"href":"https:\/\/elpobrecitohablador.es\/wordpress\/wp-json\/wp\/v2\/posts\/1017\/revisions\/1019"}],"wp:attachment":[{"href":"https:\/\/elpobrecitohablador.es\/wordpress\/wp-json\/wp\/v2\/media?parent=1017"}],"wp:term":[{"taxonomy":"category","embeddable":true,"href":"https:\/\/elpobrecitohablador.es\/wordpress\/wp-json\/wp\/v2\/categories?post=1017"},{"taxonomy":"post_tag","embeddable":true,"href":"https:\/\/elpobrecitohablador.es\/wordpress\/wp-json\/wp\/v2\/tags?post=1017"}],"curies":[{"name":"wp","href":"https:\/\/api.w.org\/{rel}","templated":true}]}}